{"id":11308,"date":"2017-04-10T10:30:47","date_gmt":"2017-04-10T08:30:47","guid":{"rendered":"https:\/\/arbark.se\/?p=11308"},"modified":"2017-04-10T10:30:47","modified_gmt":"2017-04-10T08:30:47","slug":"socialdemokraterna-firar-kongress","status":"publish","type":"post","link":"https:\/\/arbark.se\/en\/socialdemokraterna-firar-kongress\/","title":{"rendered":"Socialdemokraterna firar kongress"},"content":{"rendered":"<p><strong>I \u00e5r firar Socialdemokraterna kongress i G\u00f6teborg. Med anledning av detta vill vi passa p\u00e5 att lyfta fram en slagkraftig bild, publicerad i Socialdemokratiska arbetarpartiets egen tidning Social-demokraten den 10 mars 1910 som v\u00e4l illustrerar arbetarpartiets grundl\u00e4ggande m\u00e5l. En kongressh\u00e4lsning till partiet, samt en erinran om den korta tid som f\u00f6rflutit sedan r\u00f6str\u00e4ttsfr\u00e5gan var en br\u00e4nnande fr\u00e5ga inom partipolitiken.<br \/>\n<\/strong><\/p>\n<blockquote><p>&#8220;Hand i hand m\u00e5ste arbetarklassens m\u00e4n och kvinnor t\u00e5ga fram mot ljusare och lyckligare tider. V\u00e4gen \u00e4r b\u00e5de m\u00f6dosam och l\u00e5ng, men med hurtigt mod skall den dock tillryggal\u00e4ggas. Det \u00e4r en ny klass, som stormar fram och den vill ej eller f\u00e5r ev veta av n\u00e5gra o\u00f6verstigliga hinder. Fram mot m\u00e5let, ljuder det mot brusande f\u00e4ltropet! Och m\u00e5let \u00e4r arbetarklassens ekonomiska och sociala frig\u00f6relse.&#8221;<\/p><\/blockquote>\n<div>\n<div id=\"attachment_10001\" style=\"width: 360px\" class=\"wp-caption alignright\"><a href=\"https:\/\/arbark.se\/wp-content\/uploads\/2017\/04\/kongress-fram-till-val.jpg\"><img loading=\"lazy\" decoding=\"async\" aria-describedby=\"caption-attachment-10001\" class=\"size-full wp-image-10001 \" title=\"Fram til val f\u00f6r Arbetarepartiet! Teckning av Teckning av G.Widholm i Socialdemokraten 10.3 1910\" src=\"https:\/\/arbark.se\/wp-content\/uploads\/2017\/04\/kongress-fram-till-val.jpg\" alt=\"kongress-fram-till-val\" width=\"350\" height=\"447\" \/><\/a><p id=\"caption-attachment-10001\" class=\"wp-caption-text\">&#8220;Fram till val f\u00f6r Arbetarepartiet!&#8221; Teckning av Teckning av G.Widholm i Social-demokraten 10.3 1910<\/p><\/div>\n<\/div>\n<p>R\u00f6str\u00e4ttsfr\u00e5gan \u00e4r till synes en historisk artefakt i Sverige, men sanningen \u00e4r snarare att den allm\u00e4nna r\u00f6str\u00e4tten inte alls var vare sig sj\u00e4lvklar eller s\u00e4rskilt gammal i Sverige.<\/p>\n<p>R\u00f6str\u00e4ttsr\u00e4ttsfr\u00e5gan \u00e4r \u00e4ldre \u00e4n sj\u00e4lva partiv\u00e4sendet, och kom senare att tas \u00f6ver av partierna som en partifr\u00e5ga. Liberalerna var f\u00f6rst, d\u00e4refter kom socialdemokraterna.<\/p>\n<p><strong>F\u00f6re \u00e5r 1910<\/strong> var det i stort sett bara m\u00e4n som hade r\u00f6str\u00e4tt i kommunalval, och bara m\u00e4n var valbara. Den kvinnliga r\u00f6str\u00e4tten kom f\u00f6rst 1921. Bilden ber\u00f6r d\u00e4rf\u00f6r en fr\u00e5ga som idag kan till synes te sig fr\u00e4mmande.<\/p>\n<p>1912 lade Karl Staaffs andra regering fram den allra f\u00f6rsta propositionen om r\u00f6str\u00e4tt och valbarhet f\u00f6r kvinnor i riksdagsval. Den r\u00f6stades dock ned i f\u00f6rsta kammaren.<\/p>\n<p><strong>Revolutions\u00e5ret 1917<\/strong> tilltr\u00e4dde en koalitionsregering best\u00e5ende av liberaler och socialdemokrater, ledda av liberalen Nils Ed\u00e9n, samt bland andra Hjalmar Branting.<\/p>\n<p>De lade fram en proposition om allm\u00e4n och lika r\u00f6str\u00e4tt som fick bifall i andra kammaren men \u00e5terigen r\u00f6stades ned i f\u00f6rsta kammaren.<\/p>\n<p><strong>Allm\u00e4n och lika r\u00f6str\u00e4tt <\/strong>f\u00f6r b\u00e5de m\u00e4n och kvinnor inf\u00f6rdes f\u00f6rst efter den ryska revolutionen intr\u00e4ffat. Ett h\u00e4ndelsef\u00f6rlopp som kom att p\u00e5verka Sverige och resten av Europa djupt. R\u00e4dslan en annalkande revolution ledde till att de konservativa i f\u00f6rsta kammaren 1918 gick med p\u00e5 en r\u00f6str\u00e4ttsreform. Den graderade r\u00f6str\u00e4tten avskaffades och kvinnor fick r\u00f6str\u00e4tt och var valbara i kommunalvalen.<\/p>\n<p>Kommunalval med de nya reglerna h\u00f6lls redan 1919. Nyval h\u00f6lls under h\u00f6sten 1919 till f\u00f6rsta kammaren i de nyvalda kommunala f\u00f6rsamlingarna. F\u00f6r f\u00f6rsta g\u00e5ngen fick nu socialdemokrater och liberaler majoritet i f\u00f6rsta kammaren \u00e5r 1920.<\/p>\n<p>Det var d\u00e4remot f\u00f6rst 1921, som det f\u00f6rsta andrakammarvalet med allm\u00e4n och lika r\u00f6str\u00e4tt f\u00f6r b\u00e5de m\u00e4n och kvinnor h\u00f6lls, p\u00e5 grund av att reglerna f\u00f6r val till riksdagen fordrade en grundlags\u00e4ndring.<\/p>\n<p><strong>Fem kvinnor valdes in i riksdagen 1921.<\/strong> Liberalerna Kerstin Hesselgren (f\u00f6rsta kammaren), Elisabeth Tamm (andra kammaren), Bertha Wellin (andra kammaren, lantmannapartiet) samt Agda \u00d6stlund och Nelly Th\u00fcring, b\u00e5da socialdemokrater (andra kammaren).<\/p>\n<p><strong>2017 har vi allm\u00e4n och lika r\u00f6str\u00e4tt<\/strong> f\u00f6r riksdagsval i Sverige, landstingsval i Sverige, kommunalval i Sverige och folkomr\u00f6stningar i Sverige. Detta \u00e4r en landvinning som vi som jobbar med det historiska partimaterialet vill passa p\u00e5 att lyfta fram.<\/p>\n<p>En kongressh\u00e4lsning skickar vi d\u00e4rf\u00f6r till en av v\u00e5ra stiftare, Sveriges socialdemokratiska arbetareparti:<\/p>\n<blockquote><p>&#8220;Hand i hand m\u00e5ste arbetarklassens m\u00e4n och kvinnor t\u00e5ga fram mot ljusare och lyckligare tider.&#8221;<\/p><\/blockquote>\n","protected":false},"excerpt":{"rendered":"<p>I \u00e5r firar Socialdemokraterna kongress i G\u00f6teborg. Med anledning av detta vill vi passa p\u00e5 att lyfta fram en slagkraftig bild, publicerad i Socialdemokratiska arbetarpartiets egen tidning Social-demokraten den 10 [&hellip;]<\/p>\n","protected":false},"author":1,"featured_media":11309,"comment_status":"closed","ping_status":"closed","sticky":false,"template":"","format":"standard","meta":{"ngg_post_thumbnail":0,"footnotes":""},"categories":[1122],"tags":[],"class_list":{"0":"post-11308","1":"post","2":"type-post","3":"status-publish","4":"format-standard","5":"has-post-thumbnail","7":"category-okategoriserad","8":"czr-hentry"},"_links":{"self":[{"href":"https:\/\/arbark.se\/en\/wp-json\/wp\/v2\/posts\/11308","targetHints":{"allow":["GET"]}}],"collection":[{"href":"https:\/\/arbark.se\/en\/wp-json\/wp\/v2\/posts"}],"about":[{"href":"https:\/\/arbark.se\/en\/wp-json\/wp\/v2\/types\/post"}],"author":[{"embeddable":true,"href":"https:\/\/arbark.se\/en\/wp-json\/wp\/v2\/users\/1"}],"replies":[{"embeddable":true,"href":"https:\/\/arbark.se\/en\/wp-json\/wp\/v2\/comments?post=11308"}],"version-history":[{"count":1,"href":"https:\/\/arbark.se\/en\/wp-json\/wp\/v2\/posts\/11308\/revisions"}],"predecessor-version":[{"id":11310,"href":"https:\/\/arbark.se\/en\/wp-json\/wp\/v2\/posts\/11308\/revisions\/11310"}],"wp:featuredmedia":[{"embeddable":true,"href":"https:\/\/arbark.se\/en\/wp-json\/wp\/v2\/media\/11309"}],"wp:attachment":[{"href":"https:\/\/arbark.se\/en\/wp-json\/wp\/v2\/media?parent=11308"}],"wp:term":[{"taxonomy":"category","embeddable":true,"href":"https:\/\/arbark.se\/en\/wp-json\/wp\/v2\/categories?post=11308"},{"taxonomy":"post_tag","embeddable":true,"href":"https:\/\/arbark.se\/en\/wp-json\/wp\/v2\/tags?post=11308"}],"curies":[{"name":"wp","href":"https:\/\/api.w.org\/{rel}","templated":true}]}}