{"id":12324,"date":"2017-10-27T16:38:58","date_gmt":"2017-10-27T14:38:58","guid":{"rendered":"https:\/\/arbark.se\/?p=12324\/"},"modified":"2017-10-28T15:32:33","modified_gmt":"2017-10-28T13:32:33","slug":"kulturarv-till-salu","status":"publish","type":"post","link":"https:\/\/arbark.se\/en\/kulturarv-till-salu\/","title":{"rendered":"Kulturarv till salu?"},"content":{"rendered":"<div id=\"attachment_12328\" style=\"width: 235px\" class=\"wp-caption alignright\"><a href=\"https:\/\/arbark.se\/wp-content\/uploads\/2017\/10\/fana.jpg\"><img loading=\"lazy\" decoding=\"async\" aria-describedby=\"caption-attachment-12328\" class=\"size-medium wp-image-12328\" src=\"https:\/\/arbark.se\/wp-content\/uploads\/2017\/10\/fana-225x300.jpg\" alt=\"\" width=\"225\" height=\"300\" srcset=\"https:\/\/arbark.se\/wp-content\/dokument\/2017\/10\/fana-225x300.jpg 225w, https:\/\/arbark.se\/wp-content\/dokument\/2017\/10\/fana-768x1024.jpg 768w, https:\/\/arbark.se\/wp-content\/dokument\/2017\/10\/fana.jpg 1000w\" sizes=\"auto, (max-width: 225px) 100vw, 225px\" \/><\/a><p id=\"caption-attachment-12328\" class=\"wp-caption-text\">Str\u00e4ngn\u00e4s arbetaref\u00f6rening, 1873. Fotograf: Magnus \u00c5hrgren, ARAB.<\/p><\/div>\n<p><strong>Under h\u00f6sten <\/strong>kom det till v\u00e5r k\u00e4nnedom att nyligen nedlagda Str\u00e4ngn\u00e4s museum tagit hj\u00e4lp av Nyk\u00f6pings Auktionsverk f\u00f6r att s\u00e4lja ut en rad f\u00f6rem\u00e5l fr\u00e5n samlingarna. De f\u00f6rem\u00e5l vi s\u00e4rskilt f\u00e4ste oss vid, var ett antal fanor fr\u00e5n de tidigare samlingarna. De hade bland annat tillh\u00f6rt bland annat arbetarf\u00f6reningar.<\/p>\n<p>Efter kontakt med kommunen som varit ansvariga f\u00f6r avveckling och nedl\u00e4ggning av mus\u00e9et fick vi besked att fr\u00e5gan hade utretts under ett \u00e5r innan beslut tagits om f\u00f6rs\u00e4ljning av f\u00f6rem\u00e5len. T\u00e4nkbara l\u00f6sningar av alternativa deponeringar av f\u00f6rem\u00e5len hade likas\u00e5 utretts och inte bed\u00f6mts fungera. F\u00f6rs\u00e4ljningen gick d\u00e4rf\u00f6r inte att hejda.<\/p>\n<p>Tack vare v\u00e5r v\u00e4nf\u00f6rening Arbetarnas kulturhistoriska s\u00e4llskap (AKS) har vi d\u00e4remot kunnat agera i fr\u00e5gan. Vi tog i veckan emot de fanor som AKS lyckades ropa in p\u00e5 auktionen som en g\u00e5va.<\/p>\n<p>Vi \u00f6nskar d\u00e4remot att som kulturarvsinstitution belysa det som skett, d\u00e5 vi ser anledning till oro. Dels med anledning av den f\u00f6rs\u00e4ljning av musei- och kulturarvsf\u00f6rem\u00e5l som nu skett, dels att vi som nationell arkivinstitution ej blivit tillfr\u00e5gad trots det nationella ansvar som vi har \u00f6ver arbetarr\u00f6relsens fanor. V\u00e5rt upptagningsomr\u00e5de vad g\u00e4ller arbetarr\u00f6relsens organisationers arkivmaterial \u00e4r lokalt f\u00f6r Stockholm men \u00e4ven nationellt.<\/p>\n","protected":false},"excerpt":{"rendered":"<p>Under h\u00f6sten kom det till v\u00e5r k\u00e4nnedom att nyligen nedlagda Str\u00e4ngn\u00e4s museum tagit hj\u00e4lp av Nyk\u00f6pings Auktionsverk f\u00f6r att s\u00e4lja ut en rad f\u00f6rem\u00e5l fr\u00e5n samlingarna. De f\u00f6rem\u00e5l vi s\u00e4rskilt [&hellip;]<\/p>\n","protected":false},"author":23,"featured_media":12328,"comment_status":"closed","ping_status":"closed","sticky":false,"template":"","format":"standard","meta":{"ngg_post_thumbnail":0,"footnotes":""},"categories":[3],"tags":[472,40,647,17980],"class_list":{"0":"post-12324","1":"post","2":"type-post","3":"status-publish","4":"format-standard","5":"has-post-thumbnail","7":"category-nyheter","8":"tag-arbetarrorelsen","9":"tag-fanor","10":"tag-kulturarv","11":"tag-kulturpolitik","12":"czr-hentry"},"_links":{"self":[{"href":"https:\/\/arbark.se\/en\/wp-json\/wp\/v2\/posts\/12324","targetHints":{"allow":["GET"]}}],"collection":[{"href":"https:\/\/arbark.se\/en\/wp-json\/wp\/v2\/posts"}],"about":[{"href":"https:\/\/arbark.se\/en\/wp-json\/wp\/v2\/types\/post"}],"author":[{"embeddable":true,"href":"https:\/\/arbark.se\/en\/wp-json\/wp\/v2\/users\/23"}],"replies":[{"embeddable":true,"href":"https:\/\/arbark.se\/en\/wp-json\/wp\/v2\/comments?post=12324"}],"version-history":[{"count":3,"href":"https:\/\/arbark.se\/en\/wp-json\/wp\/v2\/posts\/12324\/revisions"}],"predecessor-version":[{"id":12330,"href":"https:\/\/arbark.se\/en\/wp-json\/wp\/v2\/posts\/12324\/revisions\/12330"}],"wp:featuredmedia":[{"embeddable":true,"href":"https:\/\/arbark.se\/en\/wp-json\/wp\/v2\/media\/12328"}],"wp:attachment":[{"href":"https:\/\/arbark.se\/en\/wp-json\/wp\/v2\/media?parent=12324"}],"wp:term":[{"taxonomy":"category","embeddable":true,"href":"https:\/\/arbark.se\/en\/wp-json\/wp\/v2\/categories?post=12324"},{"taxonomy":"post_tag","embeddable":true,"href":"https:\/\/arbark.se\/en\/wp-json\/wp\/v2\/tags?post=12324"}],"curies":[{"name":"wp","href":"https:\/\/api.w.org\/{rel}","templated":true}]}}