{"id":13810,"date":"2020-01-17T18:05:08","date_gmt":"2020-01-17T17:05:08","guid":{"rendered":"https:\/\/arbark.se\/?p=13810\/"},"modified":"2020-05-07T14:05:07","modified_gmt":"2020-05-07T12:05:07","slug":"glhn-haller-sin-andra-konferens-i-stockholm","status":"publish","type":"post","link":"https:\/\/arbark.se\/en\/glhn-haller-sin-andra-konferens-i-stockholm\/","title":{"rendered":"GLHN h\u00e5ller sin andra konferens i Stockholm"},"content":{"rendered":"\n<p><strong>Ett sextiotal forskare deltar n\u00e4r Arbetarr\u00f6relsens arkiv och bibliotek arrangerar n\u00e4tverket Global Labour History Networks andra konferens den 22-24 januari 2020. <\/strong><\/p>\n\n\n\n<p>Arbetarr\u00f6relsens arkiv och bibliotek \u00e4r v\u00e4rd f\u00f6r den internationella konferensen Methods for Global Labour Histories den 22-24 januari. Konferensen sker i form av en workshop och arrangeras tillsammans med historikern\u00e4tverket <a href=\"https:\/\/socialhistoryportal.org\/glhn\/about\">Global Labour History Network, GLHN.<\/a><\/p>\n\n\n\n<p>Det h\u00e4r \u00e4r GLHNs andra konferens sedan starten 2015. Den f\u00f6rsta \u00e4gde rum 2017 i Dehli, Indien. <\/p>\n\n\n\n<p>Ett sextiotal forskare fr\u00e5n hela v\u00e4rlden kommer att vara p\u00e5 plats och diskutera metoder f\u00f6r global arbetarhistoria under tre dagar.<\/p>\n\n\n\n<p>Tv\u00e5 publika evenemang ing\u00e5r i konferensen. Onsdagen den 22 januari h\u00e5ller Christian de Vito en f\u00f6rel\u00e4sning om mikro- och makroanalytiska metoder i global arbetarhistoria. Dagen d\u00e4rp\u00e5 deltar sex forskare i en paneldebatt om arkiv som har hamnat i &#8220;fel&#8221; land och hur man kan hantera det. B\u00e5da de publika evenemangen \u00e4ger rum i ABF-huset p\u00e5 Sveav\u00e4gen 41 i Stockholm.<\/p>\n\n\n\n<p>Du hittar detaljerad information om presentationer, seminarier och paneldebatter p\u00e5 l\u00e4nken nedan. <\/p>\n\n\n\n<div class=\"wp-block-file\"><a href=\"https:\/\/arbark.se\/wp-content\/uploads\/2020\/01\/Methods-for-Global-Labor-Histories-2020_prel-program.pdf\">Methods for Global Labor Histories 2020_prel program<\/a><a href=\"https:\/\/arbark.se\/wp-content\/uploads\/2020\/01\/Methods-for-Global-Labor-Histories-2020_prel-program.pdf\" class=\"wp-block-file__button\" download>Ladda ner<\/a><\/div>\n\n\n\n<p><\/p>\n","protected":false},"excerpt":{"rendered":"<p>Ett sextiotal forskare deltar n\u00e4r Arbetarr\u00f6relsens arkiv och bibliotek arrangerar n\u00e4tverket Global Labour History Networks andra konferens den 22-24 januari 2020. Arbetarr\u00f6relsens arkiv och bibliotek \u00e4r v\u00e4rd f\u00f6r den internationella [&hellip;]<\/p>\n","protected":false},"author":1,"featured_media":13788,"comment_status":"closed","ping_status":"closed","sticky":false,"template":"","format":"standard","meta":{"ngg_post_thumbnail":0,"footnotes":""},"categories":[3,1122],"tags":[],"class_list":{"0":"post-13810","1":"post","2":"type-post","3":"status-publish","4":"format-standard","5":"has-post-thumbnail","7":"category-nyheter","8":"category-okategoriserad","9":"czr-hentry"},"_links":{"self":[{"href":"https:\/\/arbark.se\/en\/wp-json\/wp\/v2\/posts\/13810","targetHints":{"allow":["GET"]}}],"collection":[{"href":"https:\/\/arbark.se\/en\/wp-json\/wp\/v2\/posts"}],"about":[{"href":"https:\/\/arbark.se\/en\/wp-json\/wp\/v2\/types\/post"}],"author":[{"embeddable":true,"href":"https:\/\/arbark.se\/en\/wp-json\/wp\/v2\/users\/1"}],"replies":[{"embeddable":true,"href":"https:\/\/arbark.se\/en\/wp-json\/wp\/v2\/comments?post=13810"}],"version-history":[{"count":13,"href":"https:\/\/arbark.se\/en\/wp-json\/wp\/v2\/posts\/13810\/revisions"}],"predecessor-version":[{"id":14849,"href":"https:\/\/arbark.se\/en\/wp-json\/wp\/v2\/posts\/13810\/revisions\/14849"}],"wp:featuredmedia":[{"embeddable":true,"href":"https:\/\/arbark.se\/en\/wp-json\/wp\/v2\/media\/13788"}],"wp:attachment":[{"href":"https:\/\/arbark.se\/en\/wp-json\/wp\/v2\/media?parent=13810"}],"wp:term":[{"taxonomy":"category","embeddable":true,"href":"https:\/\/arbark.se\/en\/wp-json\/wp\/v2\/categories?post=13810"},{"taxonomy":"post_tag","embeddable":true,"href":"https:\/\/arbark.se\/en\/wp-json\/wp\/v2\/tags?post=13810"}],"curies":[{"name":"wp","href":"https:\/\/api.w.org\/{rel}","templated":true}]}}