{"id":260,"date":"2005-08-10T17:09:51","date_gmt":"2005-08-10T15:09:51","guid":{"rendered":"https:\/\/arbark.se\/?p=260"},"modified":"2025-11-21T14:12:40","modified_gmt":"2025-11-21T13:12:40","slug":"stockholmskonferensen-1917","status":"publish","type":"post","link":"https:\/\/arbark.se\/en\/stockholmskonferensen-1917\/","title":{"rendered":"Stockholmskonferensen 1917"},"content":{"rendered":"<p><strong>Protokollen fr\u00e5n Stockholmskonferensens organisationskommitt\u00e9 under tiden april 1917 till januari 1918 har bearbetats som en del av<\/strong><strong> k\u00e4lleditionsprojektet \u00bbSocialistiska internationalen 1914-1918\u00ab.<\/strong><\/p>\n<p>Socialistiska internationalens historia under f\u00f6rsta v\u00e4rldskriget \u00e4r ett i forskningen v\u00e4l behandlat \u00e4mne. Men i motsats till perioden f\u00f6re 1914 och bortsett fr\u00e5n tids- och \u00e4mnesm\u00e4ssigt mycket begr\u00e4nsade dokumentationer saknas en omfattande k\u00e4llpublikation f\u00f6r denna period.<\/p>\n<p>D\u00e4rf\u00f6r startades ett internationellt k\u00e4lleditionsprojekt, Socialistiska internationalen 1914-1918 av Arbetarr\u00f6relsens arkiv och bibliotek i Stockholm (ARAB) och Internationaal instituut voor sociale geschiedenis i Amsterdam (IISG).<\/p>\n<p>Nu f\u00f6religger deleditionen om Stockholmskonferensen 1917 d\u00e4r Dr Martin Grass, arkivarie vid ARAB, har bearbetat (transkriberat och kommenterat) protokollen fr\u00e5n konferensens organisationskommitt\u00e9 under tiden april 1917 till januari 1918.<\/p>\n<p>Editionen \u00e4r tillg\u00e4nglig p\u00e5 den externa webbadressen:<\/p>\n<ul>\n<li><a title=\"K\u00e4lledition: Stockholmskonferensen 1917\" href=\"https:\/\/socialhistoryportal.org\/stockholm1917\/\">http:\/\/www.socialhistory.org\/stockholm1917\/<\/a><br \/>\n<small>Follow the link above for information in dutch, english and german.<\/small><\/li>\n<\/ul>\n<h3>Mer om konferensen och editionen<\/h3>\n<p>ngg_shortcode_0_placeholderEfter ryska februarirevolutionen verkade f\u00f6ruts\u00e4ttningar gynnsamma f\u00f6r ett sammanf\u00f6rande av internationalen och f\u00f6r dess fredsaktion. Internationalens (provisoriska) holl\u00e4ndska exekutivkommitt\u00e9 inbj\u00f6d till en allm\u00e4n socialistkonferens i Stockholm och flyttade tillsammans med internationalens sekreterare i slutet av april 1917 tillf\u00e4lligt till Stockholm.<\/p>\n<p>Det bildades en organisationskommitt\u00e9 f\u00f6r Stockholmskonferensen, Holl\u00e4ndsk-skandinaviska kommitt\u00e9n, med Hjalmar Branting (Sverige) und Pieter J. Troelstra (Holland) samt Camille Huysmans (Belgien, internationalens sekreterare) i spetsen. Kommitt\u00e9n ut\u00f6kades fr\u00e5n och med juli till Holl\u00e4ndsk-skandinavisk-ryska kommitt\u00e9n, som var verksam fram till b\u00f6rjan av januari 1918.<\/p>\n<p>Organisationskommitt\u00e9n f\u00f6rberedde konferensen genom att m\u00f6ta delegationer fr\u00e5n de till internationalen anslutna organisationerna och andra delegationer i separata f\u00f6rhandlingar. Delegationerna formulerade sina st\u00e4llningstagande och krav. Men den planerade, stora och allm\u00e4nna Stockholmskonferensen kom aldrig till st\u00e5nd.<\/p>\n<p>De separata m\u00f6tena som p\u00e5gick fr\u00e5n maj till oktober och organisationskommitt\u00e9ns \u00f6vriga verksamhet, inklusive dess sammanfattade fredsutkast i oktober, utg\u00f6r det som kallas f\u00f6r Stockholmskonferensen.<\/p>\n<h4>Kommitt\u00e9m\u00f6ten redovisas i detalj<\/h4>\n<p>Hela detta arbete redovisas i editionen. F\u00f6r f\u00f6rsta g\u00e5ngen dokumenteras separatkonferenserna i detalj genom protokoll, kompletterande anteckningar av n\u00e5gra kommitt\u00e9medlemmar, organisationskommitt\u00e9ns kommunik\u00e9er och andra rapporter. 31 delegationer hade m\u00f6ten med Holl\u00e4ndsk-skandinaviska kommitt\u00e9n, d\u00e4rtill kommer m\u00f6ten med enbart kommitt\u00e9n samt \u00f6vriga m\u00f6ten med delegationer eller personer som var p\u00e5 v\u00e4g till\/fr\u00e5n Petrograd.<\/p>\n<p>Sammanlagt dokumenteras drygt 75 kommitt\u00e9m\u00f6ten. Delegationerna kommer inte bara fr\u00e5n socialistiska partier i m\u00e5nga l\u00e4nder, b\u00e5de stora och sm\u00e5, bland andra flera fr\u00e5n Sydosteuropa (Ungern, Bulgarien, Serbien, Bosnien, Kroatien, Grekland, Ukraina), utan ocks\u00e5 som representanter f\u00f6r olika nationaliteter, fr\u00e4mst muslimska grupper, till exempel fr\u00e5n Egypten, Marocko, Tunisien, Algeriet, Turkestan, Persien, Indien.<\/p>\n<p>P\u00e5 dessa m\u00f6ten behandlades i huvudsak de nationella fr\u00e5gorna, sj\u00e4lvbest\u00e4mmander\u00e4ttens utformning och konkreta territoriella krav &#8211; fr\u00e5gor som \u00e4r h\u00f6gst aktuella igen och delvis fortfarande ol\u00f6sta, till exempel f\u00f6r folken p\u00e5 Balkan, i Kaukasusomr\u00e5det och Mellan\u00f6stern.<\/p>\n<p>&nbsp;<\/p>\n","protected":false},"excerpt":{"rendered":"<p>Protokollen fr\u00e5n Stockholmskonferensens organisationskommitt\u00e9 under tiden april 1917 till januari 1918 har bearbetats som en del av k\u00e4lleditionsprojektet \u00bbSocialistiska internationalen 1914-1918\u00ab. Socialistiska internationalens historia under f\u00f6rsta v\u00e4rldskriget \u00e4r ett i [&hellip;]<\/p>\n","protected":false},"author":27,"featured_media":0,"comment_status":"closed","ping_status":"closed","sticky":false,"template":"","format":"standard","meta":{"ngg_post_thumbnail":0,"footnotes":""},"categories":[7],"tags":[3090,286],"class_list":{"0":"post-260","1":"post","2":"type-post","3":"status-publish","4":"format-standard","6":"category-tema","7":"tag-internationalism-sv","8":"tag-stockholmskonferensen-1917","9":"czr-hentry"},"_links":{"self":[{"href":"https:\/\/arbark.se\/en\/wp-json\/wp\/v2\/posts\/260","targetHints":{"allow":["GET"]}}],"collection":[{"href":"https:\/\/arbark.se\/en\/wp-json\/wp\/v2\/posts"}],"about":[{"href":"https:\/\/arbark.se\/en\/wp-json\/wp\/v2\/types\/post"}],"author":[{"embeddable":true,"href":"https:\/\/arbark.se\/en\/wp-json\/wp\/v2\/users\/27"}],"replies":[{"embeddable":true,"href":"https:\/\/arbark.se\/en\/wp-json\/wp\/v2\/comments?post=260"}],"version-history":[{"count":4,"href":"https:\/\/arbark.se\/en\/wp-json\/wp\/v2\/posts\/260\/revisions"}],"predecessor-version":[{"id":20322,"href":"https:\/\/arbark.se\/en\/wp-json\/wp\/v2\/posts\/260\/revisions\/20322"}],"wp:attachment":[{"href":"https:\/\/arbark.se\/en\/wp-json\/wp\/v2\/media?parent=260"}],"wp:term":[{"taxonomy":"category","embeddable":true,"href":"https:\/\/arbark.se\/en\/wp-json\/wp\/v2\/categories?post=260"},{"taxonomy":"post_tag","embeddable":true,"href":"https:\/\/arbark.se\/en\/wp-json\/wp\/v2\/tags?post=260"}],"curies":[{"name":"wp","href":"https:\/\/api.w.org\/{rel}","templated":true}]}}