{"id":13799,"global_id":"arbark.se\/sv\/?id=13799","global_id_lineage":["arbark.se\/sv\/?id=13799"],"author":"1","status":"publish","date":"2020-01-17 13:12:57","date_utc":"2020-01-17 12:12:57","modified":"2020-01-20 11:18:22","modified_utc":"2020-01-20 10:18:22","url":"https:\/\/arbark.se\/sv\/events\/valkommen-till-en-dag-om-arbetarlitteratur\/","rest_url":"https:\/\/arbark.se\/sv\/wp-json\/tribe\/events\/v1\/events\/13799","title":"V\u00e4lkommen till en dag om arbetarlitteratur","description":"<p><strong>L\u00f6rdagen den 8 februari arrangeras Arbetarlitteraturens dag 2020. De litter\u00e4ra s\u00e4llskapen f\u00f6r arbetarf\u00f6rfattare samt F\u00f6reningen Arbetarskrivare finns p\u00e5 plats. Lyssna till f\u00f6redrag och botanisera bland bokborden. Alla v\u00e4lkomna! <\/strong><\/p>\n<p><strong>Program<\/strong><\/p>\n<p><img loading=\"lazy\" decoding=\"async\" class=\"alignright wp-image-13819 size-medium\" src=\"https:\/\/arbark.se\/wp-content\/uploads\/2020\/01\/Arbetarlitteraturen-2020_program_A4-1-212x300.jpg\" alt=\"\" width=\"212\" height=\"300\" srcset=\"https:\/\/arbark.se\/wp-content\/dokument\/2020\/01\/Arbetarlitteraturen-2020_program_A4-1-212x300.jpg 212w, https:\/\/arbark.se\/wp-content\/dokument\/2020\/01\/Arbetarlitteraturen-2020_program_A4-1.jpg 595w\" sizes=\"auto, (max-width: 212px) 100vw, 212px\" \/> <strong>11.00<\/strong> V\u00e4lkomsth\u00e4lsning \u2013 Hans Larsson, bibliotekschef p\u00e5 Arbetarr\u00f6relsens arkiv och bibliotek.<\/p>\n<p><strong>11.15<\/strong> Arbetarr\u00f6relsens arkiv och bibliotek \u2013 nyheter om arbetarf\u00f6rfattare och arkivbildningar.<\/p>\n<p><strong>12.00 <\/strong>Lunchsm\u00f6rg\u00e5s till sj\u00e4lvkostnadspris.<\/p>\n<p><strong>12.45 <\/strong>Ordf\u00f6randen i Gunnar Kieri-s\u00e4llskapet Lennart Rohdin ber\u00e4ttar om boken <em>F\u00f6rsta arbetskompaniet Storsien \u2013 en bok om politisk internering 1939-1940<\/em> av Gunnar Kieri och Ivar Sundstr\u00f6m. Boken har nyligen kommit ut i ny och omarbetad upplaga.<\/p>\n<p><strong>13.30 <\/strong>De deltagande s\u00e4llskapen ber\u00e4ttar om sin verksamhet.<\/p>\n<p><strong>15.30 <\/strong>Avslutning<\/p>\n<p>De litter\u00e4ra s\u00e4llskapen f\u00f6r arbetarf\u00f6rfattarna samt F\u00f6reningen Arbetarskrivare medverkar. Material om respektive s\u00e4llskap och f\u00f6rfattare presenteras p\u00e5 bokbord. Ingen anm\u00e4lan. Alla \u00e4r varmt v\u00e4lkomna!<\/p>\n<p>Evenemanget \u00e4r ett samarbete mellan Arbetarr\u00f6relsens arkiv och bibliotek, ABF Stockholm och Arbetarnas kulturhistoriska s\u00e4llskap.<\/p>\n<p>Vid fr\u00e5gor kontakta Kjersti Bosdotter, ordf\u00f6rande i Arbetarnas Kulturhistoriska S\u00e4llskap, p\u00e5 kjersti.bosdotter[a]ifmetall.se.<\/p>","excerpt":"","slug":"valkommen-till-en-dag-om-arbetarlitteratur","image":{"url":"https:\/\/arbark.se\/wp-content\/dokument\/2020\/01\/Banner-arbetarlitteratur_text.jpg","id":13800,"extension":"jpg","width":1200,"height":630,"sizes":{"thumbnail":{"width":150,"height":150,"mime-type":"image\/jpeg","url":"https:\/\/arbark.se\/wp-content\/dokument\/2020\/01\/Banner-arbetarlitteratur_text-150x150.jpg"},"medium":{"width":300,"height":158,"mime-type":"image\/jpeg","url":"https:\/\/arbark.se\/wp-content\/dokument\/2020\/01\/Banner-arbetarlitteratur_text-300x158.jpg"},"large":{"width":1024,"height":538,"mime-type":"image\/jpeg","url":"https:\/\/arbark.se\/wp-content\/dokument\/2020\/01\/Banner-arbetarlitteratur_text-1024x538.jpg"},"tc-thumb":{"width":270,"height":250,"mime-type":"image\/jpeg","url":"https:\/\/arbark.se\/wp-content\/dokument\/2020\/01\/Banner-arbetarlitteratur_text-270x250.jpg"},"slider-full":{"width":1200,"height":500,"mime-type":"image\/jpeg","url":"https:\/\/arbark.se\/wp-content\/dokument\/2020\/01\/Banner-arbetarlitteratur_text-1200x500.jpg"},"slider":{"width":1170,"height":500,"mime-type":"image\/jpeg","url":"https:\/\/arbark.se\/wp-content\/dokument\/2020\/01\/Banner-arbetarlitteratur_text-1170x500.jpg"},"tc-grid-full":{"width":1170,"height":350,"mime-type":"image\/jpeg","url":"https:\/\/arbark.se\/wp-content\/dokument\/2020\/01\/Banner-arbetarlitteratur_text-1170x350.jpg"},"tc-grid":{"width":570,"height":350,"mime-type":"image\/jpeg","url":"https:\/\/arbark.se\/wp-content\/dokument\/2020\/01\/Banner-arbetarlitteratur_text-570x350.jpg"}}},"all_day":false,"start_date":"2020-02-08 11:00:00","start_date_details":{"year":"2020","month":"02","day":"08","hour":"11","minutes":"00","seconds":"00"},"end_date":"2020-02-08 15:30:00","end_date_details":{"year":"2020","month":"02","day":"08","hour":"15","minutes":"30","seconds":"00"},"utc_start_date":"2020-02-08 10:00:00","utc_start_date_details":{"year":"2020","month":"02","day":"08","hour":"10","minutes":"00","seconds":"00"},"utc_end_date":"2020-02-08 14:30:00","utc_end_date_details":{"year":"2020","month":"02","day":"08","hour":"14","minutes":"30","seconds":"00"},"timezone":"Europe\/Stockholm","timezone_abbr":"CET","cost":"","cost_details":{"currency_symbol":"","currency_code":"","currency_position":"prefix","values":[]},"website":"","show_map":true,"show_map_link":true,"hide_from_listings":false,"sticky":true,"featured":true,"categories":[],"tags":[],"venue":{"id":11320,"author":"1","status":"publish","date":"2017-04-21 13:51:20","date_utc":"2017-04-21 11:51:20","modified":"2017-04-21 13:51:20","modified_utc":"2017-04-21 11:51:20","url":"https:\/\/arbark.se\/sv\/plats\/arbetarrorelsens-arkiv-och-bibliotek\/","venue":"Arbetarr\u00f6relsens arkiv och bibliotek","slug":"arbetarrorelsens-arkiv-och-bibliotek","address":"Elektronv\u00e4gen 2","city":"Huddinge ","country":"Sverige","zip":"141 49","phone":"08-412 39 00","website":"www.arbark.se","json_ld":{"@type":"Place","name":"Arbetarr\u00f6relsens arkiv och bibliotek","description":"","url":"","address":{"@type":"PostalAddress","streetAddress":"Elektronv\u00e4gen 2","addressLocality":"Huddinge ","postalCode":"141 49","addressCountry":"Sverige"},"telephone":"08-412 39 00","sameAs":"www.arbark.se"},"show_map":true,"show_map_link":true,"global_id":"arbark.se\/sv\/?id=11320","global_id_lineage":["arbark.se\/sv\/?id=11320"]},"organizer":[{"id":12060,"author":"1","status":"publish","date":"2017-08-16 10:38:30","date_utc":"2017-08-16 08:38:30","modified":"2017-08-16 10:38:30","modified_utc":"2017-08-16 08:38:30","url":"https:\/\/arbark.se\/sv\/arrangor\/arbetarrorelsens-arkiv-och-bibliotek\/","organizer":"Arbetarr\u00f6relsens arkiv och bibliotek","slug":"arbetarrorelsens-arkiv-och-bibliotek","website":"https:\/\/arbark.se\/","json_ld":{"@type":"Person","name":"Arbetarr\u00f6relsens arkiv och bibliotek","description":"","url":"https:\/\/arbark.se\/","telephone":"","email":"","sameAs":"https:\/\/arbark.se\/"},"global_id":"arbark.se\/sv\/?id=12060","global_id_lineage":["arbark.se\/sv\/?id=12060"]},{"id":12061,"author":"1","status":"publish","date":"2017-08-16 10:38:30","date_utc":"2017-08-16 08:38:30","modified":"2017-08-16 10:38:30","modified_utc":"2017-08-16 08:38:30","url":"https:\/\/arbark.se\/sv\/arrangor\/arbetarnas-kulturhistoriska-sallskap\/","organizer":"Arbetarnas kulturhistoriska s\u00e4llskap","slug":"arbetarnas-kulturhistoriska-sallskap","website":"http:\/\/arbetarkultur.se\/","json_ld":{"@type":"Person","name":"Arbetarnas kulturhistoriska s\u00e4llskap","description":"","url":"http:\/\/arbetarkultur.se\/","telephone":"","email":"","sameAs":"http:\/\/arbetarkultur.se\/"},"global_id":"arbark.se\/sv\/?id=12061","global_id_lineage":["arbark.se\/sv\/?id=12061"]},{"id":12059,"author":"1","status":"publish","date":"2017-08-16 10:38:30","date_utc":"2017-08-16 08:38:30","modified":"2017-08-16 10:38:30","modified_utc":"2017-08-16 08:38:30","url":"https:\/\/arbark.se\/sv\/arrangor\/abf-stockholm\/","organizer":"ABF Stockholm","slug":"abf-stockholm","website":"http:\/\/abfstockholm.se\/","json_ld":{"@type":"Person","name":"ABF Stockholm","description":"","url":"http:\/\/abfstockholm.se\/","telephone":"","email":"","sameAs":"http:\/\/abfstockholm.se\/"},"global_id":"arbark.se\/sv\/?id=12059","global_id_lineage":["arbark.se\/sv\/?id=12059"]}],"custom_fields":[],"json_ld":{"@context":"http:\/\/schema.org","@type":"Event","name":"V\u00e4lkommen till en dag om arbetarlitteratur","description":"&lt;p&gt;L\u00f6rdagen den 8 februari arrangeras Arbetarlitteraturens dag 2020. De litter\u00e4ra s\u00e4llskapen f\u00f6r arbetarf\u00f6rfattare samt F\u00f6reningen Arbetarskrivare finns p\u00e5 plats. Lyssna till f\u00f6redrag och botanisera bland bokborden. Alla v\u00e4lkomna! Program 11.00 [&hellip;]&lt;\/p&gt;\\n","image":"https:\/\/arbark.se\/wp-content\/dokument\/2020\/01\/Banner-arbetarlitteratur_text.jpg","url":"https:\/\/arbark.se\/sv\/events\/valkommen-till-en-dag-om-arbetarlitteratur\/","eventAttendanceMode":"https:\/\/schema.org\/OfflineEventAttendanceMode","eventStatus":"https:\/\/schema.org\/EventScheduled","startDate":"2020-02-08T11:00:00+01:00","endDate":"2020-02-08T15:30:00+01:00","location":{"@type":"Place","name":"Arbetarr\u00f6relsens arkiv och bibliotek","description":"","url":"","address":{"@type":"PostalAddress","streetAddress":"Elektronv\u00e4gen 2","addressLocality":"Huddinge ","postalCode":"141 49","addressCountry":"Sverige"},"telephone":"08-412 39 00","sameAs":"www.arbark.se"},"organizer":{"@type":"Person","name":"Arbetarr\u00f6relsens arkiv och bibliotek","description":"","url":"https:\/\/arbark.se\/","telephone":"","email":"","sameAs":"https:\/\/arbark.se\/"},"performer":"Organization"}}