{"id":10741,"date":"2016-12-13T15:07:45","date_gmt":"2016-12-13T14:07:45","guid":{"rendered":"https:\/\/arbark.se\/?p=9741"},"modified":"2017-03-15T12:39:24","modified_gmt":"2017-03-15T11:39:24","slug":"en-dag-om-arbetarlitteratur-tillsammans-med-litterara-sallskapen","status":"publish","type":"post","link":"https:\/\/arbark.se\/sv\/en-dag-om-arbetarlitteratur-tillsammans-med-litterara-sallskapen\/","title":{"rendered":"En dag om arbetarlitteratur tillsammans med de litter\u00e4ra s\u00e4llskapen f\u00f6r arbetarf\u00f6rfattare"},"content":{"rendered":"<p><strong>L\u00f6rdagen den 28 januari h\u00e5ller vi d\u00f6rrarna \u00f6ppna inte bara f\u00f6r bes\u00f6kande forskare till v\u00e5r forskarexpedition, utan \u00e4ven f\u00f6r en heldagstillst\u00e4llning om arbetarlitteratur tillsammans med de litter\u00e4ra s\u00e4llskapen f\u00f6r arbetarf\u00f6rfattare. <\/strong><\/p>\n<p><strong>Plats:<\/strong> Arbetarr\u00f6relsens arkiv och bibliotek, Elektronv\u00e4gen 2, 141 49 Huddinge<\/p>\n<p><strong>Program<\/strong><\/p>\n<p><strong>11.00<\/strong> V\u00e4lkomsth\u00e4lsning \u2013 Mikael Eiverg\u00e5rd, ny chef f\u00f6r Arbetarr\u00f6relsens arkiv och bibliotek<\/p>\n<p><strong>Arbetarf\u00f6rfattarna, S\u00e4llskapen och Arkivet<\/strong><\/p>\n<p><strong>11.30<\/strong> P\u00e5 minnets redd &#8211; d\u00e4rf\u00f6r beh\u00f6vs ett Ove Allanssons\u00e4llskap.<\/p>\n<p>Lennart Johnsson och Anders Lindstr\u00f6m om det senaste tillskottet av arbetarf\u00f6rfattars\u00e4llskap<\/p>\n<p><strong>12.15 <\/strong>Lunchsm\u00f6rg\u00e5s till sj\u00e4lvkostnadspris<\/p>\n<p><strong>13.00 <\/strong> Framtida arbetarf\u00f6rfattars\u00e4llskap &#8211; Jenny Wrangborg, ordf\u00f6rande i F\u00f6reningen Arbetarskrivare<\/p>\n<p><strong>13.30<\/strong> Botanisering bland bokborden<\/p>\n<p><strong>13.45 <\/strong> Vad \u00e4r p\u00e5 g\u00e5ng 2017? \u00a0deltagande s\u00e4llskap ber\u00e4ttar<\/p>\n<p><strong>15.30 <\/strong> Avslutning<\/p>\n<p>Material om respektive s\u00e4llskap och f\u00f6rfattare presenteras p\u00e5 bokbord.<\/p>\n<p>Alla varmt v\u00e4lkomna!<\/p>\n<p>Arbetarr\u00f6relsens arkiv och bibliotek \u00a0Arbetarnas Kulturhistoriska S\u00e4llskap \u00a0ABF Stockholm<\/p>\n<p>Det g\u00e5r bra att h\u00f6ra av sig till kjersti.bosdotter[a]ifmetall.se och mats.myrstener[a]arbark.se<\/p>\n<p>&nbsp;<\/p>\n<p><strong>Passa p\u00e5 att tr\u00e4ffa f\u00f6ljande s\u00e4llskap f\u00f6r arbetarf\u00f6rfattare: <\/strong><\/p>\n<p>F\u00f6reningen Arbetarskrivare<br \/>\nOve Allanssons\u00e4llskapet<br \/>\nIvar Lo-s\u00e4llskapet<br \/>\nGunnar Kieris\u00e4llskapet<br \/>\nSara Lidman-s\u00e4llskapet<br \/>\nMaria Sandels\u00e4llskapet<br \/>\nS\u00e4llskapet Per Anders Fogelstr\u00f6ms V\u00e4nner<br \/>\nStig Sj\u00f6din S\u00e4llskapet<br \/>\nJan Frideg\u00e5rds\u00e4llskapet<br \/>\nS\u00e4llskapet Moas v\u00e4nner<br \/>\nLars Molins\u00e4llskapet<br \/>\nJohan-Olov-s\u00e4llskapet<br \/>\nKarl \u00d6stman-s\u00e4llskapet<br \/>\nEmil Hagstr\u00f6ms\u00e4llskapet<br \/>\nBirger Norman-s\u00e4llskapet<\/p>\n","protected":false},"excerpt":{"rendered":"<p>L\u00f6rdagen den 28 januari h\u00e5ller vi d\u00f6rrarna \u00f6ppna inte bara f\u00f6r bes\u00f6kande forskare till v\u00e5r forskarexpedition, utan \u00e4ven f\u00f6r en heldagstillst\u00e4llning om arbetarlitteratur tillsammans med de litter\u00e4ra s\u00e4llskapen f\u00f6r arbetarf\u00f6rfattare. [&hellip;]<\/p>\n","protected":false},"author":1,"featured_media":0,"comment_status":"closed","ping_status":"closed","sticky":false,"template":"","format":"standard","meta":{"ngg_post_thumbnail":0,"footnotes":""},"categories":[11],"tags":[3054,3187],"class_list":{"0":"post-10741","1":"post","2":"type-post","3":"status-publish","4":"format-standard","6":"category-evenemangsarkiv","7":"tag-arbetarforfattare-sv","8":"tag-arbetarlitteratur-sv","9":"czr-hentry"},"_links":{"self":[{"href":"https:\/\/arbark.se\/sv\/wp-json\/wp\/v2\/posts\/10741","targetHints":{"allow":["GET"]}}],"collection":[{"href":"https:\/\/arbark.se\/sv\/wp-json\/wp\/v2\/posts"}],"about":[{"href":"https:\/\/arbark.se\/sv\/wp-json\/wp\/v2\/types\/post"}],"author":[{"embeddable":true,"href":"https:\/\/arbark.se\/sv\/wp-json\/wp\/v2\/users\/1"}],"replies":[{"embeddable":true,"href":"https:\/\/arbark.se\/sv\/wp-json\/wp\/v2\/comments?post=10741"}],"version-history":[{"count":1,"href":"https:\/\/arbark.se\/sv\/wp-json\/wp\/v2\/posts\/10741\/revisions"}],"predecessor-version":[{"id":11247,"href":"https:\/\/arbark.se\/sv\/wp-json\/wp\/v2\/posts\/10741\/revisions\/11247"}],"wp:attachment":[{"href":"https:\/\/arbark.se\/sv\/wp-json\/wp\/v2\/media?parent=10741"}],"wp:term":[{"taxonomy":"category","embeddable":true,"href":"https:\/\/arbark.se\/sv\/wp-json\/wp\/v2\/categories?post=10741"},{"taxonomy":"post_tag","embeddable":true,"href":"https:\/\/arbark.se\/sv\/wp-json\/wp\/v2\/tags?post=10741"}],"curies":[{"name":"wp","href":"https:\/\/api.w.org\/{rel}","templated":true}]}}