{"id":13650,"date":"2019-10-31T13:25:18","date_gmt":"2019-10-31T12:25:18","guid":{"rendered":"https:\/\/arbark.se\/?p=13650\/"},"modified":"2021-04-14T13:24:39","modified_gmt":"2021-04-14T11:24:39","slug":"nu-tillgangligt-fortecknat-material-fran-arsta-postterminals-fackklubb","status":"publish","type":"post","link":"https:\/\/arbark.se\/sv\/nu-tillgangligt-fortecknat-material-fran-arsta-postterminals-fackklubb\/","title":{"rendered":"Nu tillg\u00e4ngligt &#8211; f\u00f6rtecknat material fr\u00e5n \u00c5rsta postterminals fackklubb"},"content":{"rendered":"\n<p><strong>2013 l\u00e4mnade \u00c5rsta postterminals fackklubb, Seko-klubb 621, sina \u00e4ldre handlingar till Arbetarr\u00f6relsens arkiv och bibliotek. De \u00e4r nu ordnade, f\u00f6rtecknade och tillg\u00e4ngliga f\u00f6r forskare.<\/strong><\/p>\n\n\n\n<p><strong>Av: Erik Bohman, praktikant h\u00f6sten 2019 <\/strong><\/p>\n\n\n\n<p class=\"has-drop-cap\">Arkivmaterialet sp\u00e4nner fr\u00e5n 1970 till 2013. Genom handlingarna kan l\u00e4saren f\u00f6lja de stora omv\u00e4lvningarna i postsektorn. Avg\u00f6rande brytpunkter \u00e4r Postverkets bolagisering och konkurrensuts\u00e4ttningen av postmarknaden, men det som s\u00e4rskilt pr\u00e4glar materialet \u00e4r de st\u00e4ndigt \u00e5terkommande omorganisationerna av Stockholms postterminaler. I handlingarna kan vi f\u00f6lja det fackliga arbetet vid stora och sm\u00e5 terminaler, fr\u00e5n Stockholm Ban till terminalerna vid Klara, Tomteboda och \u00c5rsta. D\u00e4r fomms beskrivningar av \u00f6vertaligheter och avtalsr\u00f6relser, protester och motst\u00e5nd.<\/p>\n\n\n\n<p>Postens omorganisationer \u00e5terspeglas \u00e4ven i den fackliga verksamheten: Fackf\u00f6rbundet Seko och dess f\u00f6reg\u00e5ngare Statsanst\u00e4lldas f\u00f6rbund har under de fyra decennier genomf\u00f6rt \u00e5tskilliga f\u00f6r\u00e4ndringar i sin organisationsstruktur. Det visar sig inte minst i att de handlingar \u00c5rstaklubben har l\u00e4mnat till arkivet har tillh\u00f6rt inte mindre \u00e4n sex olika organisationer.<\/p>\n\n\n\n<p>V\u00e4rt att s\u00e4rskilt n\u00e4mna \u00e4r de f\u00f6red\u00f6mligt bevarade medlemstidningarna, som ger en utm\u00e4rkt ing\u00e5ng i materialet f\u00f6r forskare. D\u00e4r kortfattade beslutsprotokoll ibland l\u00e4mnar forskaren undrande, tecknar informationen till medlemmarna en mer helt\u00e4ckande bild av arbeten och arbetsplatser i f\u00f6r\u00e4ndring. <\/p>\n\n\n\n<p>F\u00f6rutom kompletta \u00e5rg\u00e5ngar av \u00c5rstaklubbens och dess f\u00f6reg\u00e5ngare Seko Klubb Terminalers <em>TerminalFacktuellt<\/em> finns h\u00e4r tidningar som str\u00e4cker sig tillbaka till sent 1970-tal, med namn som <em>Masstryck<\/em>, <em>Brevtidningen<\/em>, <em>Hemg\u00e5ngen<\/em> och <em>Ban-Bulletinen<\/em>. Den senare inneh\u00e5ller till exempel alster av en ung Martin Klepke, senare k\u00e4nd som politisk redakt\u00f6r p\u00e5 tidningen <em>Arbetet<\/em>.<\/p>\n\n\n\n<p><strong>Handlingarna \u00e4r ordnade i f\u00f6ljande arkiv: <\/strong><\/p>\n\n\n\n<p>Statsanst\u00e4lldas F\u00f6rbund, avd 3001, Klubb Stockholm C (1970-1989)<br><a href=\"http:\/\/ https:\/\/arkivkatalog.arbark.se\/?refkod=7419\"> https:\/\/arkivkatalog.arbark.se\/?refkod=7419<\/a><\/p>\n\n\n\n<p>Statsanst\u00e4lldas F\u00f6rbund, avd 3001, Klubb City\u00e5keriet (1986-1995)<br><a href=\"http:\/\/ https:\/\/arkivkatalog.arbark.se\/?refkod=7420\"> https:\/\/arkivkatalog.arbark.se\/?refkod=7420<\/a><\/p>\n\n\n\n<p>Statsanst\u00e4lldas F\u00f6rbund, avd 3001, Uppsamlingsklubben (-1995)<br> <a href=\"https:\/\/arkivkatalog.arbark.se\/?refkod=7421\"><a href=\"https:\/\/arkivkatalog.arbark.se\/?refkod=7421\">https:\/\/arkivkatalog.arbark.se\/?refkod=7421<\/a><\/a><\/p>\n\n\n\n<p>SEKO Post Stockholm, Klubb Terminaler (1995-1999)<br><a href=\"http:\/\/ https:\/\/arkivkatalog.arbark.se\/?refkod=7418\"> https:\/\/arkivkatalog.arbark.se\/?refkod=7418<\/a><\/p>\n\n\n\n<p>SEKO Post Stockholm, Klubb 621 \u00c5rsta Postterminal (2000-)<br><a href=\"http:\/\/ https:\/\/arkivkatalog.arbark.se\/?refkod=7410\"> https:\/\/arkivkatalog.arbark.se\/?refkod=7410<\/a><\/p>\n\n\n\n<p>Samt volym 3 och 4 under Transport\u00f6rklubben Sthlm Ban (1991-1995)<br><a href=\"http:\/\/ https:\/\/arkivkatalog.arbark.se\/?refkod=2890\"> https:\/\/arkivkatalog.arbark.se\/?refkod=2890<\/a><\/p>\n","protected":false},"excerpt":{"rendered":"<p>2013 l\u00e4mnade \u00c5rsta postterminals fackklubb, Seko-klubb 621, sina \u00e4ldre handlingar till Arbetarr\u00f6relsens arkiv och bibliotek. De \u00e4r nu ordnade, f\u00f6rtecknade och tillg\u00e4ngliga f\u00f6r forskare. Av: Erik Bohman, praktikant h\u00f6sten 2019 [&hellip;]<\/p>\n","protected":false},"author":5,"featured_media":13651,"comment_status":"closed","ping_status":"closed","sticky":false,"template":"","format":"standard","meta":{"ngg_post_thumbnail":0,"footnotes":""},"categories":[3],"tags":[762,136,48110,48113],"class_list":{"0":"post-13650","1":"post","2":"type-post","3":"status-publish","4":"format-standard","5":"has-post-thumbnail","7":"category-nyheter","8":"tag-arkiv","9":"tag-fackligt-arbete","10":"tag-seko","11":"tag-statsanstalldas-forbund","12":"czr-hentry"},"_links":{"self":[{"href":"https:\/\/arbark.se\/sv\/wp-json\/wp\/v2\/posts\/13650","targetHints":{"allow":["GET"]}}],"collection":[{"href":"https:\/\/arbark.se\/sv\/wp-json\/wp\/v2\/posts"}],"about":[{"href":"https:\/\/arbark.se\/sv\/wp-json\/wp\/v2\/types\/post"}],"author":[{"embeddable":true,"href":"https:\/\/arbark.se\/sv\/wp-json\/wp\/v2\/users\/5"}],"replies":[{"embeddable":true,"href":"https:\/\/arbark.se\/sv\/wp-json\/wp\/v2\/comments?post=13650"}],"version-history":[{"count":2,"href":"https:\/\/arbark.se\/sv\/wp-json\/wp\/v2\/posts\/13650\/revisions"}],"predecessor-version":[{"id":17219,"href":"https:\/\/arbark.se\/sv\/wp-json\/wp\/v2\/posts\/13650\/revisions\/17219"}],"wp:featuredmedia":[{"embeddable":true,"href":"https:\/\/arbark.se\/sv\/wp-json\/wp\/v2\/media\/13651"}],"wp:attachment":[{"href":"https:\/\/arbark.se\/sv\/wp-json\/wp\/v2\/media?parent=13650"}],"wp:term":[{"taxonomy":"category","embeddable":true,"href":"https:\/\/arbark.se\/sv\/wp-json\/wp\/v2\/categories?post=13650"},{"taxonomy":"post_tag","embeddable":true,"href":"https:\/\/arbark.se\/sv\/wp-json\/wp\/v2\/tags?post=13650"}],"curies":[{"name":"wp","href":"https:\/\/api.w.org\/{rel}","templated":true}]}}