{"id":14506,"date":"2020-03-24T15:28:27","date_gmt":"2020-03-24T14:28:27","guid":{"rendered":"https:\/\/arbark.se\/?p=14506\/"},"modified":"2020-06-09T14:02:01","modified_gmt":"2020-06-09T12:02:01","slug":"rostrattskvinnan-agda-ostlund","status":"publish","type":"post","link":"https:\/\/arbark.se\/sv\/rostrattskvinnan-agda-ostlund\/","title":{"rendered":"Nu \u00e4r r\u00f6str\u00e4ttskvinnan Agda \u00d6stlunds arkiv ordnat"},"content":{"rendered":"\n<figure class=\"wp-block-image\"><img loading=\"lazy\" decoding=\"async\" width=\"1024\" height=\"672\" src=\"https:\/\/arbark.se\/wp-content\/uploads\/2020\/03\/Pass-3531-1-1024x672.jpg\" alt=\"\" class=\"wp-image-14578\" srcset=\"https:\/\/arbark.se\/wp-content\/dokument\/2020\/03\/Pass-3531-1-1024x672.jpg 1024w, https:\/\/arbark.se\/wp-content\/dokument\/2020\/03\/Pass-3531-1-300x197.jpg 300w, https:\/\/arbark.se\/wp-content\/dokument\/2020\/03\/Pass-3531-1.jpg 1392w\" sizes=\"auto, (max-width: 1024px) 100vw, 1024px\" \/><figcaption>Agda \u00d6stlunds pass, legitimation och handskrivna brev fanns i l\u00e5dan. <\/figcaption><\/figure>\n\n\n\n<p><strong>Nu \u00e4r Agda \u00d6stlunds arkiv ordnat och tillg\u00e4ngligt f\u00f6r allm\u00e4nheten hos Arbetarr\u00f6relsens arkiv och bibliotek. Agda \u00d6stlund var en av de f\u00f6rsta kvinnorna som blev invald i Sveriges riksdag, d\u00e4r hon bland annat stred f\u00f6r kvinnors r\u00e4tt till pension samt b\u00e4ttre sjukv\u00e5rd f\u00f6r kvinnor och barn. <\/strong><\/p>\n\n\n\n<p>Arbetarr\u00f6relsens arkiv och bibliotek tog emot Agda \u00d6stlunds arkiv den 26 februari 2020. Inneh\u00e5llet rymdes  i en kartong och bestod av tal, riksdagsprotokoll, tidningsklipp, handskrivna och maskinskrivna brev, fotografier, en uppm\u00e4rkt resv\u00e4ska, tv\u00e5 hattaskar med mera. <\/p>\n\n\n\n<p>Det mesta i kartongen visade sig vara kronologiskt ordnat; ungef\u00e4r tv\u00e5 tredjedelar av handlingarna l\u00e5g i kuvert m\u00e4rkta med \u00e5rtal. Ovanp\u00e5 alla kuvert l\u00e5g en bunt handlingar l\u00f6st, med bland annat Agda \u00d6stlunds pass och legitimation, ett hyreskontrakt f\u00f6r symaskin samt fyra fotografier. <\/p>\n\n\n\n<figure class=\"wp-block-image\"><img loading=\"lazy\" decoding=\"async\" width=\"1024\" height=\"672\" src=\"https:\/\/arbark.se\/wp-content\/uploads\/2020\/03\/Enskede-3476-bredd-1-1024x672.jpg\" alt=\"\" class=\"wp-image-14569\" srcset=\"https:\/\/arbark.se\/wp-content\/dokument\/2020\/03\/Enskede-3476-bredd-1-1024x672.jpg 1024w, https:\/\/arbark.se\/wp-content\/dokument\/2020\/03\/Enskede-3476-bredd-1-300x197.jpg 300w, https:\/\/arbark.se\/wp-content\/dokument\/2020\/03\/Enskede-3476-bredd-1.jpg 1392w\" sizes=\"auto, (max-width: 1024px) 100vw, 1024px\" \/><figcaption>Agda \u00d6stlund h\u00e5ller tal i Enskede musikpark s\u00f6ndagen den 11 september 1921 (bilden \u00e4r beskuren).<\/figcaption><\/figure>\n\n\n\n<p>Agda \u00d6stlund v\u00e4xte upp ett arbetarhem i K\u00f6ping. Hennes pappa, som var filare, beh\u00f6vde jobba extra f\u00f6r att f\u00e5 r\u00f6sta. F\u00f6r att ha r\u00f6str\u00e4tt var man tvungen att ha en \u00e5rsinkomst p\u00e5 minst 800 kronor.<\/p>\n\n\n\n<p>1896 flyttade Agda \u00d6stlund med sin make till Stockholm, d\u00e4r hon tidvis drev en syatelj\u00e9. Hon var utbildad s\u00f6mmerska. I samband med storstrejken f\u00f6r allm\u00e4n r\u00f6str\u00e4tt 1902 blev hon politiskt aktiv och \u00e5ret efter gick hon med i Socialdemokraterna. <\/p>\n\n\n\n<h4 class=\"wp-block-heading\">Agiterade f\u00f6r r\u00f6str\u00e4tt<\/h4>\n\n\n\n<p>M\u00e5nga socialdemokratiska kvinnor anpassade sig till partiets krav p\u00e5 allm\u00e4n r\u00f6str\u00e4tt \u2013 f\u00f6r m\u00e4n. Men Agda \u00d6stlund jobbade ocks\u00e5 f\u00f6r kvinnors r\u00f6str\u00e4tt och reste landet runt f\u00f6r att agitera f\u00f6r kvinnlig r\u00f6str\u00e4tt och att arbetarkvinnor skulle organisera sig.<\/p>\n\n\n\n<p>Hon var engagerad i Stockholms Allm\u00e4nna Kvinnoklubb, som senare ombildades till Socialdemokratiska kvinnof\u00f6rbundet. I riksdagen drev hon fr\u00e5gor som b\u00e4ttre pension och v\u00e5rd f\u00f6r kvinnor \u00c4ven l\u00f6ne- och arbetsmilj\u00f6fr\u00e5gor samt kampen mot hustrumisshandel var viktiga f\u00f6r Agda \u00d6stlund.<\/p>\n\n\n\n<p>N\u00e4r kvinnor blev valbara till riksdagen 1921 var hon en av de kvinnor som valdes in till andra kammaren, tillsammans med bland andra partikamraten och fotografen Nelly Th\u00fcring. 1922 \u00f6ppnade riksdagen med fem kvinnor bland de cirka 400 ledam\u00f6terna.<\/p>\n\n\n\n<p>Agda \u00d6stlund blev ocks\u00e5 den f\u00f6rsta kvinna som h\u00f6ll tal i riksdagen. Hon var sedan flitig b\u00e5de som talare och motion\u00e4r under sina nitton \u00e5r i riksdagen.<\/p>\n\n\n\n<h4 class=\"wp-block-heading\">Journalfilm med Agda \u00d6stlund<\/h4>\n\n\n\n<p>I november 2019  satte Arbetarnas Kulturhistoriska S\u00e4llskap upp ett minnesm\u00e4rke p\u00e5 Upplandsgatan 61 i Stockholm, d\u00e4r Agda \u00d6stlund bodde 1905-1920. <\/p>\n\n\n\n<p>P\u00e5 <a href=\"https:\/\/www.oppetarkiv.se\/video\/4097427\/journalfilm-riksdagens-forsta-sammantrade-1922\">SVT \u00d6ppet arkiv<\/a> kan du se en journalfilm fr\u00e5n riksdagen f\u00f6rsta sammantr\u00e4de 1922, d\u00e4r Agda \u00d6stlund och Nelly Th\u00fcring \u00e4r med.<\/p>\n\n\n\n<p>Agda \u00d6stlunds personarkiv har ref nr 7433 och best\u00e5r av \u00e5tta volymer. V\u00e4lkommen hit och titta n\u00e4r vi \u00f6ppnar igen (just nu har vi st\u00e4ngt f\u00f6r bes\u00f6kare)!<\/p>\n\n\n\n<figure class=\"wp-block-image\"><img loading=\"lazy\" decoding=\"async\" width=\"1024\" height=\"796\" src=\"https:\/\/arbark.se\/wp-content\/uploads\/2020\/03\/agda-och-nelly-1922-1024x796.png\" alt=\"\" class=\"wp-image-14579\" srcset=\"https:\/\/arbark.se\/wp-content\/dokument\/2020\/03\/agda-och-nelly-1922-1024x796.png 1024w, https:\/\/arbark.se\/wp-content\/dokument\/2020\/03\/agda-och-nelly-1922-300x233.png 300w, https:\/\/arbark.se\/wp-content\/dokument\/2020\/03\/agda-och-nelly-1922.png 1200w\" sizes=\"auto, (max-width: 1024px) 100vw, 1024px\" \/><figcaption>De socialdemokratiska riksdagskvinnorna Agda \u00d6stlund och Nelly Th\u00fcring 1922. <br>Foto: Journalfilm SVT \u00d6ppet arkiv<\/figcaption><\/figure>\n\n\n\n<figure class=\"wp-block-gallery columns-3 is-cropped wp-block-gallery-1 is-layout-flex wp-block-gallery-is-layout-flex\"><ul class=\"blocks-gallery-grid\"><li class=\"blocks-gallery-item\"><figure><img loading=\"lazy\" decoding=\"async\" width=\"1024\" height=\"672\" src=\"https:\/\/arbark.se\/wp-content\/uploads\/2020\/03\/staderskor-3539-1024x672.jpg\" alt=\"\" data-id=\"14571\" data-link=\"https:\/\/arbark.se\/sv\/staderskor-3539\/\" class=\"wp-image-14571\" srcset=\"https:\/\/arbark.se\/wp-content\/dokument\/2020\/03\/staderskor-3539-1024x672.jpg 1024w, https:\/\/arbark.se\/wp-content\/dokument\/2020\/03\/staderskor-3539-300x197.jpg 300w, https:\/\/arbark.se\/wp-content\/dokument\/2020\/03\/staderskor-3539.jpg 1392w\" sizes=\"auto, (max-width: 1024px) 100vw, 1024px\" \/><figcaption class=\"blocks-gallery-item__caption\">Svar p\u00e5 interpellation om st\u00e4darnas arbetsvillkor.<\/figcaption><\/figure><\/li><li class=\"blocks-gallery-item\"><figure><img loading=\"lazy\" decoding=\"async\" width=\"696\" height=\"914\" src=\"https:\/\/arbark.se\/wp-content\/uploads\/2020\/03\/Vaska-3641-1.jpg\" alt=\"\" data-id=\"14576\" data-link=\"https:\/\/arbark.se\/sv\/vaska-3641-2\/\" class=\"wp-image-14576\" srcset=\"https:\/\/arbark.se\/wp-content\/dokument\/2020\/03\/Vaska-3641-1.jpg 696w, https:\/\/arbark.se\/wp-content\/dokument\/2020\/03\/Vaska-3641-1-228x300.jpg 228w\" sizes=\"auto, (max-width: 696px) 100vw, 696px\" \/><\/figure><\/li><li class=\"blocks-gallery-item\"><figure><img loading=\"lazy\" decoding=\"async\" width=\"1024\" height=\"937\" src=\"https:\/\/arbark.se\/wp-content\/uploads\/2020\/03\/IMG_3642-1024x937.jpg\" alt=\"\" data-id=\"14538\" data-link=\"https:\/\/arbark.se\/sv\/img_3642\/\" class=\"wp-image-14538\" srcset=\"https:\/\/arbark.se\/wp-content\/dokument\/2020\/03\/IMG_3642-1024x937.jpg 1024w, https:\/\/arbark.se\/wp-content\/dokument\/2020\/03\/IMG_3642-300x275.jpg 300w, https:\/\/arbark.se\/wp-content\/dokument\/2020\/03\/IMG_3642.jpg 1989w\" sizes=\"auto, (max-width: 1024px) 100vw, 1024px\" \/><\/figure><\/li><li class=\"blocks-gallery-item\"><figure><img loading=\"lazy\" decoding=\"async\" width=\"1024\" height=\"672\" src=\"https:\/\/arbark.se\/wp-content\/uploads\/2020\/03\/Tal-kvinnor-man-1-1024x672.jpg\" alt=\"\" data-id=\"14574\" data-link=\"https:\/\/arbark.se\/sv\/tal-kvinnor-man-2\/\" class=\"wp-image-14574\" srcset=\"https:\/\/arbark.se\/wp-content\/dokument\/2020\/03\/Tal-kvinnor-man-1-1024x672.jpg 1024w, https:\/\/arbark.se\/wp-content\/dokument\/2020\/03\/Tal-kvinnor-man-1-300x197.jpg 300w, https:\/\/arbark.se\/wp-content\/dokument\/2020\/03\/Tal-kvinnor-man-1.jpg 1392w\" sizes=\"auto, (max-width: 1024px) 100vw, 1024px\" \/><figcaption class=\"blocks-gallery-item__caption\">Handskrivet tal.<\/figcaption><\/figure><\/li><li class=\"blocks-gallery-item\"><figure><img loading=\"lazy\" decoding=\"async\" width=\"1024\" height=\"672\" src=\"https:\/\/arbark.se\/wp-content\/uploads\/2020\/03\/storlogen-3530-1-1024x672.jpg\" alt=\"\" data-id=\"14573\" data-link=\"https:\/\/arbark.se\/sv\/storlogen-3530-2\/\" class=\"wp-image-14573\" srcset=\"https:\/\/arbark.se\/wp-content\/dokument\/2020\/03\/storlogen-3530-1-1024x672.jpg 1024w, https:\/\/arbark.se\/wp-content\/dokument\/2020\/03\/storlogen-3530-1-300x197.jpg 300w, https:\/\/arbark.se\/wp-content\/dokument\/2020\/03\/storlogen-3530-1.jpg 1392w\" sizes=\"auto, (max-width: 1024px) 100vw, 1024px\" \/><figcaption class=\"blocks-gallery-item__caption\">Diplom fr\u00e5n IOGT.<\/figcaption><\/figure><\/li><\/ul><\/figure>\n","protected":false},"excerpt":{"rendered":"<p>Nu \u00e4r Agda \u00d6stlunds arkiv ordnat och tillg\u00e4ngligt f\u00f6r allm\u00e4nheten hos Arbetarr\u00f6relsens arkiv och bibliotek. Agda \u00d6stlund var en av de f\u00f6rsta kvinnorna som blev invald i Sveriges riksdag, d\u00e4r [&hellip;]<\/p>\n","protected":false},"author":1,"featured_media":14569,"comment_status":"closed","ping_status":"closed","sticky":false,"template":"","format":"standard","meta":{"ngg_post_thumbnail":0,"footnotes":""},"categories":[3,9],"tags":[54943,47128,47119,54944],"class_list":{"0":"post-14506","1":"post","2":"type-post","3":"status-publish","4":"format-standard","5":"has-post-thumbnail","7":"category-nyheter","8":"category-ur-vara-samlingar","9":"tag-agda-ostlund","10":"tag-allman-rostratt","11":"tag-nelly-thuring","12":"tag-rostrattskvinna","13":"czr-hentry"},"_links":{"self":[{"href":"https:\/\/arbark.se\/sv\/wp-json\/wp\/v2\/posts\/14506","targetHints":{"allow":["GET"]}}],"collection":[{"href":"https:\/\/arbark.se\/sv\/wp-json\/wp\/v2\/posts"}],"about":[{"href":"https:\/\/arbark.se\/sv\/wp-json\/wp\/v2\/types\/post"}],"author":[{"embeddable":true,"href":"https:\/\/arbark.se\/sv\/wp-json\/wp\/v2\/users\/1"}],"replies":[{"embeddable":true,"href":"https:\/\/arbark.se\/sv\/wp-json\/wp\/v2\/comments?post=14506"}],"version-history":[{"count":21,"href":"https:\/\/arbark.se\/sv\/wp-json\/wp\/v2\/posts\/14506\/revisions"}],"predecessor-version":[{"id":15144,"href":"https:\/\/arbark.se\/sv\/wp-json\/wp\/v2\/posts\/14506\/revisions\/15144"}],"wp:featuredmedia":[{"embeddable":true,"href":"https:\/\/arbark.se\/sv\/wp-json\/wp\/v2\/media\/14569"}],"wp:attachment":[{"href":"https:\/\/arbark.se\/sv\/wp-json\/wp\/v2\/media?parent=14506"}],"wp:term":[{"taxonomy":"category","embeddable":true,"href":"https:\/\/arbark.se\/sv\/wp-json\/wp\/v2\/categories?post=14506"},{"taxonomy":"post_tag","embeddable":true,"href":"https:\/\/arbark.se\/sv\/wp-json\/wp\/v2\/tags?post=14506"}],"curies":[{"name":"wp","href":"https:\/\/api.w.org\/{rel}","templated":true}]}}