{"id":147,"date":"2005-01-01T12:00:24","date_gmt":"2005-01-01T11:00:24","guid":{"rendered":"https:\/\/arbark.se\/?p=147"},"modified":"2025-01-20T10:49:10","modified_gmt":"2025-01-20T09:49:10","slug":"den-roda-fanan","status":"publish","type":"post","link":"https:\/\/arbark.se\/sv\/den-roda-fanan\/","title":{"rendered":"Den r\u00f6da fanan"},"content":{"rendered":"<p><strong> En fr\u00e5ga vi ibland f\u00e5r i v\u00e5r forskarexpedition \u00e4r: &#8221;Vilken var arbetarr\u00f6relsens f\u00f6rsta r\u00f6da fana?&#8221; Den f\u00f6rsta r\u00f6da fackf\u00f6reningsfanan i Sverige var till formen ett standar och invigdes av Stockholms Tr\u00e4arbetaref\u00f6rening den 30 december 1883.<\/strong><\/p>\n<p>Redan 1864 hade Typografiska F\u00f6reningen i Stockholm invigt sitt standar men det var vitt. Den r\u00f6da f\u00e4rgen var den internationella socialismens symboliska f\u00e4rg och det var n\u00e4r fackf\u00f6reningsr\u00f6relsen valde en socialistisk ideologi som man valde den r\u00f6da f\u00e4rgen p\u00e5 sina fanor och standar.<\/p>\n<p><strong>Den f\u00f6rsta r\u00f6da fanformade<\/strong> fackf\u00f6reningsfanan invigdes i Malm\u00f6 1885 av de grovarbetare som d\u00e5 var organiserade i Arbetsmannafackf\u00f6reningen i Malm\u00f6. Fanan f\u00f6rvaras p\u00e5 Industrifacket (IF Metall sedan 1 jan 2006) i Stockholm. I maj 1886 invigdes de socialdemokratiska f\u00f6reningarnas r\u00f6da fanor b\u00e5de i G\u00f6teborg och i Stockholm. I Helsingborg invigde skoarbetarna sin r\u00f6da fana samma v\u00e5r. Under 1880-talet sista \u00e5r invigdes en rad r\u00f6da fackf\u00f6reningsfanor. Vid den f\u00f6rsta 1:sta majdemonstrationen 1890 fanns omkring 70 r\u00f6da fanor i demonstrationerna runt om i landet. Vid en inventering av fackliga fanor drygt hundra \u00e5r senare kunde vi dokumentera 6.000 fackf\u00f6reningsfanor.<\/p>\nngg_shortcode_0_placeholder\n<p><strong>Arbetarr\u00f6relsens politiska bildspr\u00e5k<\/strong> h\u00e4mtade f\u00f6rebilder fr\u00e5n den franska revolutionen med motiv som frihetsgudinnor och frygiska m\u00f6ssor. Det var ocks\u00e5 under den franska revolutionen som den r\u00f6da fanan \u00f6vergick fr\u00e5n att vara de milit\u00e4ra myndigheternas symbol till att bli en symbol f\u00f6r folklig makt. D\u00e4rifr\u00e5n kom ocks\u00e5 pionj\u00e4rtidens vanligaste devis: Frihet J\u00e4mlikhet Broderskap. Den organiserade arbetarr\u00f6relsens symboler har sitt ursprung i Tyskland och n\u00e5dde Sverige via Danmark Arbetarr\u00f6relsens fackliga bilder h\u00e4mtades fr\u00e4mst fr\u00e5n det egna arbetet med dess verktyg och arbetsprodukter. Skoarbetarna valde en sko eller en st\u00f6vel, p\u00e4lsarbetarna en isbj\u00f6rn eller en r\u00e4v, charkuteriarbetarna kunde ha ett oxhuvud. Gemensamt f\u00f6r de flesta var handslaget f\u00f6r broderskap, jordgloben f\u00f6r internationell solidaritet och soluppg\u00e5ngen som symbol f\u00f6r den nya dagen. Inom varje f\u00f6rbund fanns ocks\u00e5 ett gemensamt emblem som ofta anv\u00e4ndes som toppemblem p\u00e5 fanorna, t ex hade Lantarbetaref\u00f6rbundet en stiliserad plog som emblem under en period.<\/p>\n<p><strong>Fanm\u00e5lare kom att bli ett yrke<\/strong> n\u00e4r efterfr\u00e5gan p\u00e5 handm\u00e5lade fanor var stor. I Stockholm var Franz Wilhelm Franz\u00e9n den mest anlitade under pionj\u00e4rtiden. Att han m\u00e5lade Stockholms b\u00e5t- och pannpl\u00e5tslageriarbetarefackf\u00f6renings fana 1897 \u00e4r k\u00e4nt tack vare hans signatur p\u00e5 skissen i fackf\u00f6reningens arkiv och bevarade handlingar fr\u00e5n faninvigningsfesten. Fanorna \u00e4r n\u00e4stan aldrig signerade eller daterade. De invigdes ofta till f\u00f6reningens \u00e5rsdag med en st\u00e5tlig faninvigningsfest innan fanan togs ut i demonstrationer och p\u00e5 arbetarr\u00f6relsefester.<\/p>\n<p><strong>Vi hade tidigare ett fanmagasin i Gr\u00e4ngesberg<\/strong> d\u00e4r 1.000 fanor f\u00f6rvarades. Uppgifter om fanorna kan finnas i historiker och jubileumsskrifter eller i f\u00f6reningarnas arkivhandlingar. F\u00f6r den som vill l\u00e4sa mer om fanor finns t ex boken <em>V\u00e5r enighets fana &#8211; ett sekel fackliga fanor<\/em> att l\u00e4sa hos oss. Sedan n\u00e5gra \u00e5r f\u00f6rvaras alla fanor i v\u00e5ra lokaler p\u00e5 Run\u00f6 Folkh\u00f6gskola. Antalet uppg\u00e5r numera till n\u00e4rmare 1.600 fanor.&nbsp;<\/p>\n","protected":false},"excerpt":{"rendered":"<p>Den f\u00f6rsta r\u00f6da fackf\u00f6reningsfanan i Sverige var till formen ett standar och invigdes av Stockholms Tr\u00e4arbetaref\u00f6rening den 30 december 1883. Redan 1864 hade Typografiska F\u00f6reningen i Stockholm invigt sitt standar men det var vitt.<\/p>\n","protected":false},"author":1,"featured_media":0,"comment_status":"closed","ping_status":"closed","sticky":false,"template":"","format":"standard","meta":{"ngg_post_thumbnail":0,"footnotes":""},"categories":[9],"tags":[3009,3011],"class_list":{"0":"post-147","1":"post","2":"type-post","3":"status-publish","4":"format-standard","6":"category-ur-vara-samlingar","7":"tag-fanor-sv","8":"tag-standar-sv","9":"czr-hentry"},"_links":{"self":[{"href":"https:\/\/arbark.se\/sv\/wp-json\/wp\/v2\/posts\/147","targetHints":{"allow":["GET"]}}],"collection":[{"href":"https:\/\/arbark.se\/sv\/wp-json\/wp\/v2\/posts"}],"about":[{"href":"https:\/\/arbark.se\/sv\/wp-json\/wp\/v2\/types\/post"}],"author":[{"embeddable":true,"href":"https:\/\/arbark.se\/sv\/wp-json\/wp\/v2\/users\/1"}],"replies":[{"embeddable":true,"href":"https:\/\/arbark.se\/sv\/wp-json\/wp\/v2\/comments?post=147"}],"version-history":[{"count":3,"href":"https:\/\/arbark.se\/sv\/wp-json\/wp\/v2\/posts\/147\/revisions"}],"predecessor-version":[{"id":20667,"href":"https:\/\/arbark.se\/sv\/wp-json\/wp\/v2\/posts\/147\/revisions\/20667"}],"wp:attachment":[{"href":"https:\/\/arbark.se\/sv\/wp-json\/wp\/v2\/media?parent=147"}],"wp:term":[{"taxonomy":"category","embeddable":true,"href":"https:\/\/arbark.se\/sv\/wp-json\/wp\/v2\/categories?post=147"},{"taxonomy":"post_tag","embeddable":true,"href":"https:\/\/arbark.se\/sv\/wp-json\/wp\/v2\/tags?post=147"}],"curies":[{"name":"wp","href":"https:\/\/api.w.org\/{rel}","templated":true}]}}