{"id":16054,"date":"2020-11-30T19:10:39","date_gmt":"2020-11-30T18:10:39","guid":{"rendered":"https:\/\/arbark.se\/?p=16054"},"modified":"2022-11-02T14:43:24","modified_gmt":"2022-11-02T13:43:24","slug":"12-miljoner-till-digitalisering","status":"publish","type":"post","link":"https:\/\/arbark.se\/sv\/12-miljoner-till-digitalisering\/","title":{"rendered":"ARAB f\u00e5r 12 miljoner f\u00f6r att digitalisera fackets \u00e5rsber\u00e4ttelser"},"content":{"rendered":"\n<p><strong>Riksbankens Jubileumsfond tilldelar ARAB \u00f6ver 12,2 miljoner kronor f\u00f6r att tillg\u00e4ngligg\u00f6ra fackliga organisationers verksamhetsber\u00e4ttelser och \u00e5rsredovisningar fr\u00e5n lokal till global niv\u00e5 under perioden 1880-2020. Projektet finansieras under en tre\u00e5rsperiod.<\/strong><\/p>\n\n\n\n<figure class=\"wp-block-image\"><img loading=\"lazy\" decoding=\"async\" width=\"1024\" height=\"672\" src=\"https:\/\/arbark.se\/wp-content\/uploads\/2020\/11\/E7285_arsberattelser_2-1024x672.jpg\" alt=\"\" class=\"wp-image-16056\" srcset=\"https:\/\/arbark.se\/wp-content\/dokument\/2020\/11\/E7285_arsberattelser_2-1024x672.jpg 1024w, https:\/\/arbark.se\/wp-content\/dokument\/2020\/11\/E7285_arsberattelser_2-300x197.jpg 300w, https:\/\/arbark.se\/wp-content\/dokument\/2020\/11\/E7285_arsberattelser_2.jpg 1392w\" sizes=\"auto, (max-width: 1024px) 100vw, 1024px\" \/><\/figure>\n\n\n\n<p>Projektet <em>Labour\u2019s Memory<\/em> ska i stor skala tillg\u00e4ngligg\u00f6ra material fr\u00e5n fackliga organisationer i LO-sf\u00e4ren fr\u00e5n 1880-talet fram till idag. Projektgruppen ska digitalisera verksamhetsber\u00e4ttelser och \u00e5rsredovisningar fr\u00e5n lokala, regionala (Uppland), nationella (Sverige) och internationella fackliga organisationer.<\/p>\n\n\n\n<p>Det digitaliserade materialet ska d\u00e4refter g\u00f6ras s\u00f6kbart genom indexering och datorlingvistiska s\u00f6kmetoder. M\u00e5let \u00e4r att det ska g\u00e5 att hitta alla f\u00f6rekomster av ett ord oavsett b\u00f6jningsform och stavning, vilket f\u00f6rb\u00e4ttrar \u00e5tkomsten till s\u00e4rskilt de \u00e4ldre texterna. Materialet omfattar allt ifr\u00e5n handskrivna, maskinskrivna och tryckta till digitala verksamhetsber\u00e4ttelser och \u00e5rsrapporter.<\/p>\n\n\n\n<p>&#8211; Det h\u00e4r kommer att skapa en fantastisk resurs b\u00e5de f\u00f6r den fackliga r\u00f6relsen och f\u00f6r forskare. Vi kommer att kunna s\u00f6ka information som aldrig tidigare och det kommer att skapa ing\u00e5ngar till fackf\u00f6rbundens och deras internationella federationers stora fysiska arkiv. Projektet kan ocks\u00e5 komma att fungera som modell f\u00f6r arkiv i andra delar av v\u00e4rlden som f\u00f6rfogar \u00f6ver liknande material. Och verktyget f\u00f6r handskriftsigenk\u00e4nning kommer att vara ett v\u00e4rdefullt bidrag \u00e4ven f\u00f6r annat material fr\u00e5n samma tidsperiod, s\u00e4ger Silke Neunsinger, forskningsledare p\u00e5 ARAB.<\/p>\n\n\n\n<p>L\u00e4s mer om bakgrund och <a href=\"https:\/\/arbark.se\/forskning\/projekt\/labours-memory-arbetarrorelsens-minne\/\" class=\"yoast-seo-link\">projektet p\u00e5 Labour Memory&#8217;s sida.<\/a><\/p>\n","protected":false},"excerpt":{"rendered":"<p>Riksbankens Jubileumsfond tilldelar ARAB \u00f6ver 12,2 miljoner kronor f\u00f6r att tillg\u00e4ngligg\u00f6ra fackliga organisationers verksamhetsber\u00e4ttelser och \u00e5rsredovisningar fr\u00e5n lokal till global niv\u00e5 under perioden 1880-2020. Projektet finansieras under en tre\u00e5rsperiod. Projektet [&hellip;]<\/p>\n","protected":false},"author":1,"featured_media":16056,"comment_status":"closed","ping_status":"closed","sticky":false,"template":"","format":"standard","meta":{"ngg_post_thumbnail":0,"footnotes":""},"categories":[3],"tags":[73820,60613,3370,73821,323,73822],"class_list":{"0":"post-16054","1":"post","2":"type-post","3":"status-publish","4":"format-standard","5":"has-post-thumbnail","7":"category-nyheter","8":"tag-arbetarrorelsens-minne","9":"tag-arsredovisning","10":"tag-digitalisering-sv","11":"tag-fackforbund","12":"tag-lo","13":"tag-verksamhetsberattelser","14":"czr-hentry"},"_links":{"self":[{"href":"https:\/\/arbark.se\/sv\/wp-json\/wp\/v2\/posts\/16054","targetHints":{"allow":["GET"]}}],"collection":[{"href":"https:\/\/arbark.se\/sv\/wp-json\/wp\/v2\/posts"}],"about":[{"href":"https:\/\/arbark.se\/sv\/wp-json\/wp\/v2\/types\/post"}],"author":[{"embeddable":true,"href":"https:\/\/arbark.se\/sv\/wp-json\/wp\/v2\/users\/1"}],"replies":[{"embeddable":true,"href":"https:\/\/arbark.se\/sv\/wp-json\/wp\/v2\/comments?post=16054"}],"version-history":[{"count":12,"href":"https:\/\/arbark.se\/sv\/wp-json\/wp\/v2\/posts\/16054\/revisions"}],"predecessor-version":[{"id":19031,"href":"https:\/\/arbark.se\/sv\/wp-json\/wp\/v2\/posts\/16054\/revisions\/19031"}],"wp:featuredmedia":[{"embeddable":true,"href":"https:\/\/arbark.se\/sv\/wp-json\/wp\/v2\/media\/16056"}],"wp:attachment":[{"href":"https:\/\/arbark.se\/sv\/wp-json\/wp\/v2\/media?parent=16054"}],"wp:term":[{"taxonomy":"category","embeddable":true,"href":"https:\/\/arbark.se\/sv\/wp-json\/wp\/v2\/categories?post=16054"},{"taxonomy":"post_tag","embeddable":true,"href":"https:\/\/arbark.se\/sv\/wp-json\/wp\/v2\/tags?post=16054"}],"curies":[{"name":"wp","href":"https:\/\/api.w.org\/{rel}","templated":true}]}}