{"id":16522,"date":"2021-03-24T16:14:26","date_gmt":"2021-03-24T15:14:26","guid":{"rendered":"https:\/\/arbark.se\/?p=16522"},"modified":"2021-05-24T13:39:26","modified_gmt":"2021-05-24T11:39:26","slug":"arctic-and-indigenous-labour-history","status":"publish","type":"post","link":"https:\/\/arbark.se\/sv\/arctic-and-indigenous-labour-history\/","title":{"rendered":"Arctic and indigenous labour history \u2013 Lessons from Canada"},"content":{"rendered":"\n<h4 class=\"wp-block-heading\">Panel | <strong>8 June 2021 kl 18-20<\/strong><\/h4>\n\n\n\n<p>Welcome to a panel on Arctic and indigenous labour history organized by the Nordic Labour History Network! <\/p>\n\n\n\n<p>Until today only Norway and Denmark are among the 23 countries which have ratified the Indigenous and Tribal Peoples Convention No 169 of the International Labour Organisation. While appearing as models for labour relations worldwide, little interest has been paid to working and living conditions of indigenous people in the Nordic countries by scholars. This panel is the first in a series of online events to initiate and promote discussions about Arctic and indigenous labour history, organized by the NLHN.<\/p>\n\n\n\n<p>Our Canadian colleagues, Sarah A Nickel and Joan Sangster, will share their experiences of writing indigenous labour history. Following their discussion we will listen to comments from historians representing S\u00e1pmi, Greenland and Iceland; what we can learn from them and what needs to be done in Nordic labour history&nbsp; &nbsp;<\/p>\n\n\n\n<h4 class=\"wp-block-heading\"><strong>Chair<\/strong><\/h4>\n\n\n\n<p>Helle Stenum<\/p>\n\n\n\n<h4 class=\"wp-block-heading\">Participants<\/h4>\n\n\n\n<p><strong>Marianne Jensen<\/strong>, was the first female mayor of Ilulissat. She was also a minister in the government of Greenland and the chief technical advisor in promoting ILO policy on indigenous peoples.<\/p>\n\n\n\n<p><strong>\u00c5sa Nordin Jonsson<\/strong>, is an independent scholar with a PhD in history. She is the author of <em><a aria-label=\"undefined (opens in a new tab)\" rel=\"noreferrer noopener\" href=\"http:\/\/umu.diva-portal.org\/smash\/get\/diva2:537597\/FULLTEXT01.pdf\" target=\"_blank\" class=\"yoast-seo-link\">Relationer i ett samiskt samh\u00e4lle: en studie av sk\u00f6tesrensystemet i G\u00e4llivare socken under f\u00f6rsta h\u00e4lften av 1900-talet<\/a><\/em>, Ume\u00e5 University (2002). <\/p>\n\n\n\n<p><strong>Sarah A Nickel<\/strong> is Tk&#8217;emlupsemc (Kamloops Secwepemc), French Canadian and Ukrainian. She grew up in the unceded lands of northern Secwepemcul&#8217;ecw and the xwm\u0259\u03b8kw\u0259y\u0313\u0259m (Musqueam), Skwxw\u00fa7mesh (Squamish), St\u00f3:l\u014d and S\u0259l\u0313\u00edlw\u0259ta\u0294\/Selilwitulh (Tsleil-Waututh) Nations. She is associate professor at the University of Alberta and the author of <em>Assembling Unity. Indigenous politics, gender and the Union of BC Indian Chiefs<\/em>, UBC Press (2019).<\/p>\n\n\n\n<p><strong>Joan Sangster<\/strong> is professor emerita of Gender and Women\u2019s Studies at Trent University and editor of the Canadian labour history journal <em>Labour\/LeTravail<\/em>. She has published widely on feminist labour history and is the author of <em>The Iconic North. Cultural Constructions of Aboriginal Life in Postwar Canada<\/em>, UBC Press (2016).<\/p>\n\n\n\n<h4 class=\"wp-block-heading\">Register here<\/h4>\n\n\n\n<p>Please register through filling in the web form below. You will receive a zoom-link by e-mail.<\/p>\n\n\n\n<p>[contact-form-7 id=&#8221;16916&#8243; title=&#8221;Registration for webinar on 8 June&#8221;]<\/p>\n\n\n\n<p><a aria-label=\"undefined (opens in a new tab)\" rel=\"noreferrer noopener\" href=\"https:\/\/arbark.se\/seminarier\" target=\"_blank\" class=\"yoast-seo-link\">See all our seminars<\/a>.<\/p>\n","protected":false},"excerpt":{"rendered":"<p>Panel | 8 June 2021 kl 18-20 Welcome to a panel on Arctic and indigenous labour history organized by the Nordic Labour History Network! Until today only Norway and Denmark [&hellip;]<\/p>\n","protected":false},"author":1,"featured_media":0,"comment_status":"closed","ping_status":"closed","sticky":false,"template":"","format":"standard","meta":{"ngg_post_thumbnail":0,"footnotes":""},"categories":[80556],"tags":[84235,84234,84230,84232,79880,79879,84231],"class_list":{"0":"post-16522","1":"post","2":"type-post","3":"status-publish","4":"format-standard","6":"category-seminarier","7":"tag-arctic-land-indigenous-labour-history","8":"tag-asa-nordin-jonsson","9":"tag-helle-stenum","10":"tag-joan-sangster","11":"tag-nlhn","12":"tag-nordic-labour-history-network","13":"tag-sarah-a-nickel","14":"czr-hentry"},"_links":{"self":[{"href":"https:\/\/arbark.se\/sv\/wp-json\/wp\/v2\/posts\/16522","targetHints":{"allow":["GET"]}}],"collection":[{"href":"https:\/\/arbark.se\/sv\/wp-json\/wp\/v2\/posts"}],"about":[{"href":"https:\/\/arbark.se\/sv\/wp-json\/wp\/v2\/types\/post"}],"author":[{"embeddable":true,"href":"https:\/\/arbark.se\/sv\/wp-json\/wp\/v2\/users\/1"}],"replies":[{"embeddable":true,"href":"https:\/\/arbark.se\/sv\/wp-json\/wp\/v2\/comments?post=16522"}],"version-history":[{"count":24,"href":"https:\/\/arbark.se\/sv\/wp-json\/wp\/v2\/posts\/16522\/revisions"}],"predecessor-version":[{"id":17497,"href":"https:\/\/arbark.se\/sv\/wp-json\/wp\/v2\/posts\/16522\/revisions\/17497"}],"wp:attachment":[{"href":"https:\/\/arbark.se\/sv\/wp-json\/wp\/v2\/media?parent=16522"}],"wp:term":[{"taxonomy":"category","embeddable":true,"href":"https:\/\/arbark.se\/sv\/wp-json\/wp\/v2\/categories?post=16522"},{"taxonomy":"post_tag","embeddable":true,"href":"https:\/\/arbark.se\/sv\/wp-json\/wp\/v2\/tags?post=16522"}],"curies":[{"name":"wp","href":"https:\/\/api.w.org\/{rel}","templated":true}]}}