{"id":169,"date":"2004-05-18T12:00:15","date_gmt":"2004-05-18T10:00:15","guid":{"rendered":"https:\/\/arbark.se\/?p=169"},"modified":"2017-03-14T14:49:08","modified_gmt":"2017-03-14T13:49:08","slug":"en-fast-kurs-med-folkets-fortroende","status":"publish","type":"post","link":"https:\/\/arbark.se\/sv\/en-fast-kurs-med-folkets-fortroende\/","title":{"rendered":"En fast kurs med folkets f\u00f6rtroende"},"content":{"rendered":"ngg_shortcode_0_placeholder\n<p><strong>Inf\u00f6r valet till riksdagens andra kammare den 15 september<\/strong> 1940 gav den socialdemokratiska partiexpeditionen ut bland annat en affisch och ett flygblad d\u00e4r statsminister Per Albin Hansson f\u00f6rekom p\u00e5 bild endast med texten En fast kurs med folkets f\u00f6rtroende. Affischen och flygbladet, som helt saknade partibeteckning hade tryckts i 62 000 respektive 973 000 exemplar, gav uttryck \u00e5t det som man i valmanifestet beskrev som &#8221;sp\u00e4nningen i v\u00e4rlden och dess \u00e5terverkningar \u00e4ven i v\u00e5rt land&#8221;.<\/p>\n<p>Fr\u00e5gan hade varit uppe om man till och med skulle skjuta upp valet, men grundlagen m\u00e5ste f\u00f6ljas och valet \u00e4ga rum. Valet f\u00f6rr\u00e4ttades, fortsatte man, &#8221;under en \u00e4ven ur inrikespolitisk synpunkt osedvanlig situation. Genom samlingsregeringen ha samtliga st\u00f6rre partier f\u00f6renat sina krafter f\u00f6r att bem\u00e4stra tidens sv\u00e5righeter. De politiska meningsstriderna ha skjutits \u00e5t sidan f\u00f6r en samling kring de stora uppgifterna, att trygga landets frihet och folkets liv. Viljan till enighet och sammanh\u00e5llning \u00e4r stark hos v\u00e5rt folk och man \u00f6nskar icke att denna f\u00f6rsvagas genom tvister.&#8221;<\/p>\n<p>Andra v\u00e4rldskrigets utbrott 1939 och den tyska ockupationen av Danmark och Norge den 9 april 1940 hade st\u00e4llt den svenska samlingsregeringen med statsminister Per Albin Hansson i spetsen inf\u00f6r sv\u00e5ra avv\u00e4ganden. Ett unikt historiskt k\u00e4llmaterial fr\u00e5n denna tid finns i de dagb\u00f6cker som skrevs av Per Albin Hansson och en rad andra statsr\u00e5d i regeringen. Vi har h\u00e4r valt att \u00e5terge ett uppslag ur Per Albin Hanssons dagbok dagarna runt den 9 april:<\/p>\n<h3>Ur Per Albin Hanssons dagbok den 5 &#8211; 10 april 1940<\/h3>\n<blockquote>ngg_shortcode_1_placeholder\n<p>5 april<br \/>\nDet talas idag om, att tyskarna skulle till i b\u00f6rjan av n\u00e4sta vecka planera \u00f6verfall p\u00e5 Danmark och Holland, i senare fallet skulle anfallet g\u00e5 vidare mot Frankrike via Belgien, i f\u00f6rra eventuellt vidare mot Norge. Det talas icke om Sverige. Danska och Norska legationerna i Berlin ha s\u00e4nt s\u00e4rskilda kurirer till sina regeringar. P\u00e5 kv\u00e4llen l\u00e4mnade engelska och franska ministrarna en note, som ej kan kallas v\u00e4nlig.<\/p>\n<p>6 april<br \/>\nBeredning om v\u00e4stmaktsnoten, vari utvecklades allm\u00e4nna synpunkter, men ej st\u00e4lldes n\u00e5gra s\u00e4rskilda krav. Utrikesn\u00e4mnd om noten tog knappt mer \u00e4n en halvtimme.<\/p>\n<p>7 april<br \/>\nUtsatt f\u00f6r bedr\u00e4geri. En man, som utgav sig f\u00f6r Konungens adjutant, f\u00f6rm\u00e5dde j\u00e4rnv\u00e4gsmyndigheterna stoppa det t\u00e5g, jag reste med och meddela mig att jag omedelbart m\u00e5ste \u00e5terv\u00e4nda till Stockholm. Fast\u00e4n n\u00e5got misst\u00e4nksam avbr\u00f6t jag resan. \u00c5terkommen konstaterade jag snart att det var fr\u00e5gan om ett bedr\u00e4geri. Tog en bil och avverkade det planerade f\u00f6redraget i Stigtomta 2 t. f\u00f6rsenad. Andra &#8221;kallade&#8221;, bl.a. den tyske ministern och Sven Hedin, infunno sig hos Konungen.<\/p>\n<p>8 april<br \/>\nEngland minerar norska farvatten. Tyskarna r\u00f6ra p\u00e5 sig. Ingen \u00e5tg\u00e4rd mot Sverige \u00e4n, men ho vet n\u00e4r? Vissa f\u00f6rberedande mobiliserings\u00e5tg\u00e4rder beordrade. Beredning om svaret p\u00e5 v\u00e4stmaktsnoten. England beg\u00e4rt att noten ej publiceras.<\/p>\n<p>9 april<br \/>\nV\u00e4cktes kl. 5 p\u00e5 morgonen av underr\u00e4ttelser om den tyska aktionen mot Danmark och Norge. Tyske ministern hade just bes\u00f6kt G\u00fcnther och meddelat att n\u00e5gon attack mot Sverige inte f\u00f6rbereddes. Vid sjutiden \u00f6verl\u00e4mnade han en note, vari f\u00f6rv\u00e4ntades strikt neutralitet fr\u00e5n v\u00e5r sida. Regeringen samlades \u00bd 10 och sammantr\u00e4ffade med Kungen, kronprinsen och G.A. kl. 10, fortsatte sedan sina \u00f6verl\u00e4ggningar om svaret till T. Detta justerades efter lunch. Samtidigt f\u00f6rbereddes milit\u00e4ra inkallelser. Utrikesn\u00e4mnden hade kl. 12 informerats. Kl. 8 sammantr\u00e4dde riksdagen och vid 9:tiden hade regeringen ny beredning.<\/p>\n<p>10 april<br \/>\nKl. 10 f\u00f6rtroender\u00e5d f\u00f6r att diskutera &#8211; r\u00e4ntel\u00e4get. &#8211; Kl. 11 riksdag med business as ususal. Beredning kl. 3 och kl. 8. &#8211; Problem: Bensinransoneringen, skyddet av tillg\u00e5ngarna i utlandet, f\u00f6rst\u00e4rkt bevakning av Radiotj\u00e4nst och hamnarna, evakueringsfr\u00e5gor. &#8211; Norge f\u00f6rfr\u00e5gat sig om hj\u00e4lp med f\u00f6rpl\u00e4gnad; ordnas ev. genom Koop. F\u00f6rbundet. &#8211; Tyska milit\u00e4rattach\u00e9n p\u00e5 beg\u00e4ran informerad om milit\u00e4ra \u00e5tg\u00e4rder.<\/p><\/blockquote>\n<p>Samtliga partiers valaffischer under 1900-talet finns avfotograferade p\u00e5 diabilder p\u00e5 Arbetarr\u00f6relsens arkiv och bibliotek. Valaffischen och flygbladet finns ocks\u00e5 i Socialdemokratiska arbetarepartiets arkiv (arkivnr 1889) som \u00e4r mycket omfattande, n\u00e4ra 5000 volymer. Minnes- och dagboksanteckningarna finns i Per Albin Hanssons arkiv (arkivnr 204, volym 1 B), som omfattar drygt 60 volymer.<\/p>\n<p>Om Per Albin Hanssons dagboksskrivande se,<\/p>\n<ul>\n<li>Anders Isaksson, <em><a title=\"Boken Per Albin. 4, Landsfadern (i Kata)\" href=\"http:\/\/kata.arbark.se\/wsRecInfo.asp?idno=15888\">Per Albin. 4, Landsfadern<\/a><\/em> (Stockholm 2000), s. 396 ff.<\/li>\n<li>Krister Wahlb\u00e4ck, <em><a title=\"Boken Regeringen och kriget : ur statsr\u00e5dens dagb\u00f6cker 1939-41 (i Kata)\" href=\"http:\/\/kata.arbark.se\/wsRecInfo.asp?idno=29722\">Regeringen och kriget : ur statsr\u00e5dens dagb\u00f6cker 1939-41<\/a><\/em> (Stockholm 1972).<\/li>\n<\/ul>\n<p>Om Per Albin Hansson som statsminister under andra v\u00e4rldskriget se,<\/p>\n<ul>\n<li>Alf W. Johansson, <em><a title=\"Boken Per Albin och kriget (i Kata)\" href=\"http:\/\/kata.arbark.se\/wsRecInfo.asp?idno=37477\">Per Albin och kriget<\/a> <\/em>(Stockholm 1984).<\/li>\n<\/ul>\n","protected":false},"excerpt":{"rendered":"<p>Ett uppslag ur Per Albin Hanssons dagbok dagarna runt den tyska ockupationen av Danmark och Norge den 9 april 1940.<\/p>\n","protected":false},"author":1,"featured_media":0,"comment_status":"closed","ping_status":"closed","sticky":false,"template":"","format":"standard","meta":{"ngg_post_thumbnail":0,"footnotes":""},"categories":[9],"tags":[2916,2976,2978,2980],"class_list":{"0":"post-169","1":"post","2":"type-post","3":"status-publish","4":"format-standard","6":"category-ur-vara-samlingar","7":"tag-affischer-sv","8":"tag-dagbocker-sv","9":"tag-per-albin-hansson-sv","10":"tag-personarkiv-sv","11":"czr-hentry"},"_links":{"self":[{"href":"https:\/\/arbark.se\/sv\/wp-json\/wp\/v2\/posts\/169","targetHints":{"allow":["GET"]}}],"collection":[{"href":"https:\/\/arbark.se\/sv\/wp-json\/wp\/v2\/posts"}],"about":[{"href":"https:\/\/arbark.se\/sv\/wp-json\/wp\/v2\/types\/post"}],"author":[{"embeddable":true,"href":"https:\/\/arbark.se\/sv\/wp-json\/wp\/v2\/users\/1"}],"replies":[{"embeddable":true,"href":"https:\/\/arbark.se\/sv\/wp-json\/wp\/v2\/comments?post=169"}],"version-history":[{"count":2,"href":"https:\/\/arbark.se\/sv\/wp-json\/wp\/v2\/posts\/169\/revisions"}],"predecessor-version":[{"id":9577,"href":"https:\/\/arbark.se\/sv\/wp-json\/wp\/v2\/posts\/169\/revisions\/9577"}],"wp:attachment":[{"href":"https:\/\/arbark.se\/sv\/wp-json\/wp\/v2\/media?parent=169"}],"wp:term":[{"taxonomy":"category","embeddable":true,"href":"https:\/\/arbark.se\/sv\/wp-json\/wp\/v2\/categories?post=169"},{"taxonomy":"post_tag","embeddable":true,"href":"https:\/\/arbark.se\/sv\/wp-json\/wp\/v2\/tags?post=169"}],"curies":[{"name":"wp","href":"https:\/\/api.w.org\/{rel}","templated":true}]}}