{"id":17948,"date":"2021-09-30T18:11:50","date_gmt":"2021-09-30T16:11:50","guid":{"rendered":"https:\/\/arbark.se\/?p=17948"},"modified":"2021-09-30T18:24:34","modified_gmt":"2021-09-30T16:24:34","slug":"meidnerseminariet-2021","status":"publish","type":"post","link":"https:\/\/arbark.se\/sv\/meidnerseminariet-2021\/","title":{"rendered":"M\u00f6t tv\u00e5 Meidnerpristagare som studerat tillst\u00e5ndet i v\u00e5rden"},"content":{"rendered":"\n<p><strong>2021 \u00e5rs Meidnerseminarium uppm\u00e4rksammades tv\u00e5 pristagare: historikern Astrid Elkj\u00e6r S\u00f8rensen och kulturgeografen Desir\u00e9e Enlund. De fick pris f\u00f6r sina arbeten om tillst\u00e5ndet i v\u00e5rdsektorn. Nu kan du se det inspelade seminariet i sin helhet.\u00a0<\/strong><\/p>\n\n\n\n<iframe loading=\"lazy\" width=\"560\" height=\"315\" src=\"https:\/\/www.youtube.com\/embed\/VlVXT0Ck3QQ\" title=\"YouTube video player\" frameborder=\"0\" allow=\"accelerometer; autoplay; clipboard-write; encrypted-media; gyroscope; picture-in-picture\" allowfullscreen=\"\"><\/iframe>\n\n\n\n<p>Under Rudolf Meidner-seminariet den 16 september 2021 presenterade de senaste tv\u00e5 \u00e5rens pristagare n\u00e5gra av sina viktigaste resultat. D\u00e4refter diskuterade en panel betydelsen av dessa resultat f\u00f6r den fackliga r\u00f6relsen i Sverige och Danmark. \u00c5rets seminarium var digitalt.<\/p>\n\n\n\n<p>2019 fick Astrid Elkj\u00e6r S\u00f8rensen Meidnerpriset f\u00f6r sin bok <em>P\u00e6ne pigers opr\u00f8r \u2013 ligestillingsprojekter i de kvindedominerede fagforbund 1985-2010<\/em>, Aarhus (2018). Hon har analyserat de strategier och syns\u00e4tt som genomsyrat de danska kvinnodominerade fackens arbete f\u00f6r j\u00e4mst\u00e4lldhet. <\/p>\n\n\n\n<p>\u00c5ret d\u00e4rp\u00e5, 2020, tilldelades Desir\u00e9e Enlund priset f\u00f6r sitt arbete <em>Contentious Countrysides. Social movements reworking and resisting public healthcare restructuring in rural Sweden<\/em>, Ume\u00e5 (2020). I avhandlingen tar hon bland annat upp sjukhusockupationen i Sollefte\u00e5 och etableringen av en medborgar\u00e4gd v\u00e5rdcentral i Offerdal som exempel p\u00e5 nutida sociala r\u00f6relser f\u00f6r att f\u00f6rb\u00e4ttra situationen inom v\u00e5rden.<\/p>\n\n\n\n<p>Rudolf Meidner-priset f\u00f6r forskning i fackf\u00f6reningsr\u00f6relsens historia delas ut \u00e5rligen av forskningsr\u00e5det vid Arbetarr\u00f6relsens arkiv och bibliotek.<\/p>\n\n\n\n<hr class=\"wp-block-separator\"\/>\n\n\n\n<p><strong>DELTAGARE I PANELSAMTALET<\/strong><\/p>\n\n\n\n<ul class=\"wp-block-list\"><li>Tobias Baudin, ordf\u00f6rande, Kommunal <\/li><li>Joa Bergold, v\u00e4lf\u00e4rdsutredare, LO <\/li><li>Barbro Budin, tidigare programansvarig, IUF<\/li><li>Astrid Elkj\u00e6r S\u00f8rensen, Aarhus universitet <\/li><li>Desir\u00e9e Enlund, Link\u00f6pings universitet<\/li><\/ul>\n\n\n\n<p><strong>Samtalsledare:<\/strong><br>Ella Niia, ordf\u00f6rande i forskningsr\u00e5det p\u00e5 Arbetarr\u00f6relsens arkiv och bibliotek<\/p>\n\n\n\n<hr class=\"wp-block-separator\"\/>\n\n\n\n<h4 class=\"wp-block-heading\">Presentationerna och panelsamtalet vid Meidnerseminariet 2021<\/h4>\n\n\n\n<p><a href=\"https:\/\/youtu.be\/KTKPGla6qOg\" target=\"_blank\" aria-label=\"undefined (opens in a new tab)\" rel=\"noreferrer noopener\" class=\"yoast-seo-link\">Astrid Elkj\u00e6r S\u00f8rensens presentation<\/a><\/p>\n\n\n\n<p><a href=\"https:\/\/youtu.be\/EkkRktf_BQo\" target=\"_blank\" aria-label=\"undefined (opens in a new tab)\" rel=\"noreferrer noopener\" class=\"yoast-seo-link\">Desir\u00e9e Enlunds presentation<\/a><\/p>\n\n\n\n<p><a href=\"https:\/\/youtu.be\/X6ox07lg1mA\" target=\"_blank\" aria-label=\"undefined (opens in a new tab)\" rel=\"noreferrer noopener\" class=\"yoast-seo-link\">Panelsamtal om arbetsvillkoren och tillst\u00e5ndet i v\u00e5rden i Danmark respektive Sverige<\/a><\/p>\n","protected":false},"excerpt":{"rendered":"<p>2021 \u00e5rs Meidnerseminarium uppm\u00e4rksammades tv\u00e5 pristagare: historikern Astrid Elkj\u00e6r S\u00f8rensen och kulturgeografen Desir\u00e9e Enlund. De fick pris f\u00f6r sina arbeten om tillst\u00e5ndet i v\u00e5rdsektorn. Nu kan du se det inspelade [&hellip;]<\/p>\n","protected":false},"author":1,"featured_media":17811,"comment_status":"closed","ping_status":"closed","sticky":false,"template":"","format":"standard","meta":{"ngg_post_thumbnail":0,"footnotes":""},"categories":[3,80556],"tags":[89972,68859,19306,93583,93582,3462,21521],"class_list":{"0":"post-17948","1":"post","2":"type-post","3":"status-publish","4":"format-standard","5":"has-post-thumbnail","7":"category-nyheter","8":"category-seminarier","9":"tag-astrid-elkjaer-sorensen","10":"tag-desiree-enlund","11":"tag-meidner-priset","12":"tag-meidnerseminariet","13":"tag-meidnerseminariet-2021","14":"tag-rudolf-meidner-sv","15":"tag-rudolf-meidner-priset","16":"czr-hentry"},"_links":{"self":[{"href":"https:\/\/arbark.se\/sv\/wp-json\/wp\/v2\/posts\/17948","targetHints":{"allow":["GET"]}}],"collection":[{"href":"https:\/\/arbark.se\/sv\/wp-json\/wp\/v2\/posts"}],"about":[{"href":"https:\/\/arbark.se\/sv\/wp-json\/wp\/v2\/types\/post"}],"author":[{"embeddable":true,"href":"https:\/\/arbark.se\/sv\/wp-json\/wp\/v2\/users\/1"}],"replies":[{"embeddable":true,"href":"https:\/\/arbark.se\/sv\/wp-json\/wp\/v2\/comments?post=17948"}],"version-history":[{"count":4,"href":"https:\/\/arbark.se\/sv\/wp-json\/wp\/v2\/posts\/17948\/revisions"}],"predecessor-version":[{"id":17952,"href":"https:\/\/arbark.se\/sv\/wp-json\/wp\/v2\/posts\/17948\/revisions\/17952"}],"wp:featuredmedia":[{"embeddable":true,"href":"https:\/\/arbark.se\/sv\/wp-json\/wp\/v2\/media\/17811"}],"wp:attachment":[{"href":"https:\/\/arbark.se\/sv\/wp-json\/wp\/v2\/media?parent=17948"}],"wp:term":[{"taxonomy":"category","embeddable":true,"href":"https:\/\/arbark.se\/sv\/wp-json\/wp\/v2\/categories?post=17948"},{"taxonomy":"post_tag","embeddable":true,"href":"https:\/\/arbark.se\/sv\/wp-json\/wp\/v2\/tags?post=17948"}],"curies":[{"name":"wp","href":"https:\/\/api.w.org\/{rel}","templated":true}]}}