{"id":19194,"date":"2023-02-08T11:32:29","date_gmt":"2023-02-08T10:32:29","guid":{"rendered":"https:\/\/arbark.se\/?p=19194"},"modified":"2023-02-08T20:26:28","modified_gmt":"2023-02-08T19:26:28","slug":"ivan-oljelund-alter-ego-mikael-hager-manadens-arbetarlitterara-forfattare","status":"publish","type":"post","link":"https:\/\/arbark.se\/sv\/ivan-oljelund-alter-ego-mikael-hager-manadens-arbetarlitterara-forfattare\/","title":{"rendered":"Ivan Oljelund &#8211; alter ego Mikael H\u00e4ger &#8211; m\u00e5nadens arbetarlitter\u00e4ra f\u00f6rfattare"},"content":{"rendered":"\n<p><strong>Ivan Oljelund har i tidigare boktips och webbartiklar lyfts fram p\u00e5 v\u00e5r webbsida<\/strong>. <strong>H\u00e4r f\u00f6ljer d\u00e4remot ing\u00e5ende boktips av tv\u00e5 av hans  sj\u00e4lvbiografiska verk<\/strong>. <\/p>\n\n\n\n<p><strong>Ivan Oljelund &#8211; ungsocialisten, skribent<\/strong> och redakt\u00f6r f\u00f6r Brand &#8211; kom fr\u00e5n arbetarklassen och fr\u00e5n sv\u00e5ra barnf\u00f6rh\u00e5llanden. Under sin tid r\u00e4knade han d\u00e4remot inte sig sj\u00e4lv alldeles sj\u00e4lvklart som arbetarklassens f\u00f6rfattare. Kanske p\u00e5 grund av en kombination av \u00e4ndrade levnadsf\u00f6rh\u00e5llanden och de valda \u00e4mnena f\u00f6r hans verk och skrifter. Han kom att bli en s\u00e5 kallad &#8221;fri f\u00f6rfattare&#8221; som verkade i b\u00e5de arbetarr\u00f6relsens och den borgerliga pressen. Oljelund bek\u00e4nde sig \u00e4ven vara djupt kristen. <\/p>\n\n\n\n<p>Se tidigare boktips med <a href=\"https:\/\/arbark.se\/sv\/2020\/08\/boktips-i-augusti\/\" class=\"yoast-seo-link\">Ivan Oljelund och Maj Hirdman<\/a> med utf\u00f6rligare levnadsteckning och beskrivning av hans verk <em>I ny jord<\/em> (1920).<\/p>\n\n\n\n<h4 class=\"wp-block-heading\">Fr\u00e5n ungsocialist till avf\u00e4lling<\/h4>\n\n\n\n<p><strong>Tematiken<\/strong> i de nedan beskrivna sj\u00e4lvbiografiska verken visar b\u00e5de p\u00e5 den sv\u00e5ra uppv\u00e4xten i arbetarmilj\u00f6er, men \u00e4ven Oljelunds nyfunna intresse f\u00f6r natur, folk, bygd och historia. Den sj\u00e4lvbiografiska serien utkom i \u00e5ren 1951-1958 och dess avslutande del \u00e4r <em>Avf\u00e4llingen<\/em>. <\/p>\n\n\n\n<p>Ivan Oljelund var en av de som omfattades av den s\u00e5 kallade f\u00f6rr\u00e4deriprocessen 1917. H\u00e4ndelsen kom att p\u00e5verka honom djupt. En schism uppstod mellan honom och de tidigare kamraterna inom den socialistiska r\u00f6relsen som gav honom epiteten &#8221;avf\u00e4lling&#8221; och &#8221;renegat&#8221;. N\u00e5got som har starka ber\u00f6ringspunkter med hans sista sj\u00e4lvbiografiska verk. <\/p>\n\n\n\n<p><strong>I en tidigare publicerad webbartikel<\/strong> om <a href=\"https:\/\/arbark.se\/sv\/2020\/04\/zeth-hoglund\/\" class=\"yoast-seo-link\">Pacifisten och revolution\u00e4ren Zeth (Z\u00e4ta) H\u00f6glund<\/a> omtalas f\u00f6rr\u00e4deriprocessen. B\u00e5de H\u00f6glund och Oljelund f\u00e4ngslades och satt en tid p\u00e5 L\u00e5ngholmen till f\u00f6ljd av den kontroversiella landsf\u00f6rr\u00e4deridomen (1916-1917). Erik Hed\u00e9n som \u00e4ven f\u00f6rdes inf\u00f6r r\u00e4tta, undslapp dock dom. Anledningen var den fredskongress som de deltagit i och d\u00e4r mobiliseringstrejk diskuterats. Oljelund anklagades f\u00f6r att under kongressen ha uttalat st\u00f6d f\u00f6r utomparlamentariska \u00e5tg\u00e4rder om Sverige dragits med i kriget. Kongressen var mycket omtalad redan under sin tid och arrangerades av SDUF, Sveriges Socialdemokratiska Ungdomsf\u00f6rbund. <\/p>\n\n\n\n<p>F\u00f6r mer information om Oljelund och f\u00f6rr\u00e4deridomen kan vi varmt rekommendera detta verk: <\/p>\n\n\n\n<p><em>&#8230;faror f\u00f6r staten av sv\u00e5raste slag : politiska f\u00e5ngar p\u00e5 L\u00e5ngholmen 1880-1950<\/em>, Stockholmia f\u00f6rlag, 2012 \u00e5rs \u00e5rsbok av Arbetarnas kulturhistoriska s\u00e4llskap (\u00e5terfinns i bibliotekets samlingar). <\/p>\n\n\n\n<div class=\"wp-block-image\"><figure class=\"aligncenter size-large\"><img loading=\"lazy\" decoding=\"async\" width=\"281\" height=\"416\" src=\"https:\/\/arbark.se\/wp-content\/uploads\/2023\/02\/1977_4468.jpg\" alt=\"\" class=\"wp-image-19196\" srcset=\"https:\/\/arbark.se\/wp-content\/dokument\/2023\/02\/1977_4468.jpg 281w, https:\/\/arbark.se\/wp-content\/dokument\/2023\/02\/1977_4468-203x300.jpg 203w\" sizes=\"auto, (max-width: 281px) 100vw, 281px\" \/><figcaption>Ivan Oljelund, Ny Dags arkiv. Fotograf ej angiven. Refnr: 1977\/23\/4468. <\/figcaption><\/figure><\/div>\n\n\n\n<h4 class=\"wp-block-heading\">Ivan Oljelund: <em>Det h\u00e4nde p\u00e5 Kungsholmen<\/em>, Litteraturfr\u00e4mjandet (1985) [ny utg.], 314 s.<\/h4>\n\n\n\n<p><strong>Efter romandebuten 1920 <\/strong>med den sj\u00e4lvbiografiska <em>I ny jord<\/em> skrev Ivan Oljelund en rad romaner grundade p\u00e5 egna erfarenheter, omv\u00e4xlande med rena fiktionsromaner. <\/p>\n\n\n\n<p>1950 besl\u00f6t Oljelund till sist att utnyttja sina h\u00e5rda barn- och ungdoms\u00e5r litter\u00e4rt. 1951-1958 skrev han s\u00e5ledes de sj\u00e4lvbiografiska romanerna <em>Det h\u00e4nde p\u00e5 Kungsholmen<\/em>,<em> Stockholmsbarn<\/em>,<em> Arbetarbohem<\/em>, <em>Dans med stormen<\/em> och <em>Avf\u00e4llingen<\/em>. Romansviten brukar ses som H\u00f6glunds fr\u00e4msta litter\u00e4ra insats, i synnerhet den inledande delen, som omsp\u00e4nner \u00e5ren 1900-1902. <\/p>\n\n\n\n<p>Romanen bearbetar med konstn\u00e4rlig distans hans bittra upplevelser av uppv\u00e4xten i fattiga arbetarkvarter och d\u00e5tida fattigv\u00e5rd. F\u00f6rfattaren registrerar sakligt milj\u00f6er, h\u00e4ndelser samt egna och andras tankar och beteenden utan n\u00e5gra v\u00e4rdeomd\u00f6men. Skildringarna \u00e4r anm\u00e4rkningsv\u00e4rt utf\u00f6rliga med tanke p\u00e5 att huvudpersonen inte var mer \u00e4n \u00e5tta \u2013 tio \u00e5r under den tid det g\u00e4ller.<\/p>\n\n\n\n<p>Den till en b\u00f6rjan ganska idylliska ber\u00e4ttelsen handlar f\u00f6rst mest om fadern, h\u00e4r kallad Kjell H\u00e4ger.  En n\u00e5got mer bildad och kultiverad man \u00e4n sin omgivning och d\u00e4rf\u00f6r ofta lite utanf\u00f6r gemenskapen. S\u00e5v\u00e4l under kvarterets sedvanliga s\u00f6ndagsutflykt och traditionella h\u00f6stfest som p\u00e5 det h\u00e4lsov\u00e5dliga s\u00e4tteri som utg\u00f6r hans arbetsplats. <\/p>\n\n\n\n<p>Den lungsot som s\u00e5 sm\u00e5ningom ska ber\u00f6va honom livet har redan anm\u00e4lt sig, men han nonchalerar den tills vidare. Tyv\u00e4rr alltf\u00f6r l\u00e4nge, fast b\u00e5de hans syster och en arbetskamrat d\u00f6r i sjukdomen. Grannarnas personligheter och inb\u00f6rdes umg\u00e4nge beskrivs m\u00e5lande, liksom f\u00f6r\u00e4ldrarnas delvis stormiga samliv. D\u00e5 Kjell till sist avlider under ett bes\u00f6k hos familjen i Uppsala flyttar modern, kallad Livia, och de tv\u00e5 s\u00f6nerna till en mindre bostad. Hon  f\u00f6rs\u00f6ker att driva cigarrbutik, som dock snart g\u00e5r i konkurs. Livia f\u00e5r anst\u00e4llning som hj\u00e4lpreda till en h\u00e5rfris\u00f6rska, som hon \u00e4ven f\u00e5r bo hos, medan s\u00f6nerna hamnar p\u00e5 barnhem. D\u00e4rifr\u00e5n skickas de sedan med b\u00e5t till den sm\u00e5l\u00e4ndska landsbygden. Denna tragiska historia om en familjs s\u00f6nderfall ber\u00e4ttas nyktert och osentimentalt, men detaljerat och med stor inlevelse.<\/p>\n\n\n\n<hr class=\"wp-block-separator\"\/>\n\n\n\n<h4 class=\"wp-block-heading\">Ivan Oljelund: <em>Stockholmsbarn<\/em>, LT (1971) [ny utg.], 316 s.<\/h4>\n\n\n\n<p><em>Stockholmsbarn<\/em>, den andra delen i Ivan Oljelunds sj\u00e4lvbiografiska romansvit, utkom redan 1952. Endast ett \u00e5r efter f\u00f6rsta delen, p\u00e5 vilken den utg\u00f6r en omedelbar forts\u00e4ttning. Den elva\u00e5rige Mikael och hans tv\u00e5 \u00e5r yngre bror Peter landstiger p\u00e5 en brygga i den sm\u00e5l\u00e4ndska sk\u00e4rg\u00e5rden tillsammans med andra utackorderade Stockholmsbarn. F\u00f6rsamlingens pr\u00e4st f\u00f6rdelar sen barnen p\u00e5 olika hush\u00e5ll enligt en n\u00e5got bristf\u00e4llig lista. <\/p>\n\n\n\n<p>Peter hamnar hos en fiskarfamilj p\u00e5 en \u00f6 ute i sk\u00e4rg\u00e5rden, lyckligtvis p\u00e5 rodd- och segelavst\u00e5nd fr\u00e5n den bondg\u00e5rd d\u00e4r Mikael placeras. Bonden Jonas Larsson, \u00e4r p\u00e5 det hela taget godmodig och v\u00e4lmenande. Han  f\u00f6ruts\u00e4tter d\u00e4remot att alla p\u00e5 g\u00e5rden lever som han sj\u00e4lv. Det vill s\u00e4ga arbetar h\u00e5rt hela dagarna.<\/p>\n\n\n\n<p>Barnen i byn g\u00e5r i skolan varannan dag, vilket Mikael nu upplever som behaglig avkoppling fr\u00e5n slitet i jordbruket. Larsson \u00e4r liksom sin far, som ocks\u00e5 bor p\u00e5 g\u00e5rden, str\u00e4ngt kristen. Det \u00e4r den enda punkt d\u00e4r han och den religi\u00f6st likgiltige Mikael blir osams. Larssons hustru Gerda \u00e4r sjuklig och arbetar inte mycket. Den kavata och flitiga pigan Kersti fullg\u00f6r det mesta av hush\u00e5llsarbetet. I detta ing\u00e5r att b\u00e4ra in vatten och mj\u00f6lka korna, tillsammans med utackorderade Stockholmsflickan Gertrud.<\/p>\n\n\n\n<p>G\u00e5rden drivs h\u00e4r i de f\u00f6rsta \u00e5ren av 1900-talet enligt sj\u00e4lvhush\u00e5llningens principer. F\u00f6rfattaren redog\u00f6r utf\u00f6rligt f\u00f6r de olika sysslorna, vilka samtliga utf\u00f6rs helt manuellt. \u00c4ven i \u00f6vrigt bildar milj\u00f6n en stark kontrast till det tr\u00e5nga och smutsiga Kungsholmen d\u00e4r Mikael och Peter vuxit upp. Den fria och \u00f6ppna naturen h\u00e4r p\u00e5 randen till sk\u00e4rg\u00e5rden sk\u00e4nker huvudpersonen starka intryck och hans sn\u00e5lt tilltagna fritid \u00e4gnas fisketurer och andra utflykter med j\u00e4mn\u00e5riga. F\u00f6rfattaren portr\u00e4tterar byns och socknens personer m\u00e5lande och med stor inlevelse utan att d\u00f6ma. Br\u00f6dernas mor Livia bes\u00f6ker dem under tre dagar, men k\u00e4nns n\u00e4stan som en fr\u00e4mling. Hon har nu fast anst\u00e4llning p\u00e5 en v\u00e5rdinr\u00e4ttning och planerar att gifta om sig, vilket v\u00e4cker deras motvilja. <\/p>\n\n\n\n<p>Vid fyllda femton l\u00e4mnar Gertrud g\u00e5rden och grannflickan Marta tr\u00e4der in som ers\u00e4ttning f\u00f6r henne och Gerda som avlidit i elakartad lunginflammation (s\u00e5 kallad lungbrand). D\u00e5 sorge\u00e5ret \u00e4r till \u00e4nda gifter sig Jonas Larsson med Marta, till Kerstis stora besvikelse. Mikael fyller femton och st\u00e4dslar sig som dr\u00e4ng p\u00e5 g\u00e5rden i v\u00e4ntan p\u00e5 Peters femton\u00e5rsdag. Med \u00e5ren blir f\u00f6rh\u00e5llandet mellan honom och husbonden mer j\u00e4mlikt, i synnerhet sedan han omvandlats fr\u00e5n sockenbarn till anst\u00e4lld. <\/p>\n\n\n\n<p>Sista tiden p\u00e5 g\u00e5rden ber\u00f6mmer Larsson honom f\u00f6r hans flit och duglighet. Mikael som nu vant sig vid att arbeta h\u00e5rt tycker att de ljusa sidorna \u00f6verv\u00e4ger i hans minnen av tiden p\u00e5 g\u00e5rden. Tv\u00e5 nya Stockholmspojkar i tio\u00e5rs\u00e5ldern anl\u00e4nder. Mikael t\u00e4nker uppr\u00f6rt p\u00e5 dem som slavarbetare, men inser att Larsson inte har n\u00e5got val om g\u00e5rden ska \u00f6verleva. Han och Peter tar b\u00e5ten tillbaka till Stockholm.<\/p>\n","protected":false},"excerpt":{"rendered":"<p>Ivan Oljelund har i tidigare boktips och webbartiklar lyfts fram p\u00e5 v\u00e5r webbsida. H\u00e4r f\u00f6ljer d\u00e4remot ing\u00e5ende boktips av tv\u00e5 av hans sj\u00e4lvbiografiska verk. Ivan Oljelund &#8211; ungsocialisten, skribent och [&hellip;]<\/p>\n","protected":false},"author":27,"featured_media":0,"comment_status":"closed","ping_status":"closed","sticky":false,"template":"","format":"standard","meta":{"ngg_post_thumbnail":0,"footnotes":""},"categories":[3],"tags":[],"class_list":{"0":"post-19194","1":"post","2":"type-post","3":"status-publish","4":"format-standard","6":"category-nyheter","7":"czr-hentry"},"_links":{"self":[{"href":"https:\/\/arbark.se\/sv\/wp-json\/wp\/v2\/posts\/19194","targetHints":{"allow":["GET"]}}],"collection":[{"href":"https:\/\/arbark.se\/sv\/wp-json\/wp\/v2\/posts"}],"about":[{"href":"https:\/\/arbark.se\/sv\/wp-json\/wp\/v2\/types\/post"}],"author":[{"embeddable":true,"href":"https:\/\/arbark.se\/sv\/wp-json\/wp\/v2\/users\/27"}],"replies":[{"embeddable":true,"href":"https:\/\/arbark.se\/sv\/wp-json\/wp\/v2\/comments?post=19194"}],"version-history":[{"count":9,"href":"https:\/\/arbark.se\/sv\/wp-json\/wp\/v2\/posts\/19194\/revisions"}],"predecessor-version":[{"id":19207,"href":"https:\/\/arbark.se\/sv\/wp-json\/wp\/v2\/posts\/19194\/revisions\/19207"}],"wp:attachment":[{"href":"https:\/\/arbark.se\/sv\/wp-json\/wp\/v2\/media?parent=19194"}],"wp:term":[{"taxonomy":"category","embeddable":true,"href":"https:\/\/arbark.se\/sv\/wp-json\/wp\/v2\/categories?post=19194"},{"taxonomy":"post_tag","embeddable":true,"href":"https:\/\/arbark.se\/sv\/wp-json\/wp\/v2\/tags?post=19194"}],"curies":[{"name":"wp","href":"https:\/\/api.w.org\/{rel}","templated":true}]}}