{"id":21463,"date":"2025-10-01T11:01:56","date_gmt":"2025-10-01T09:01:56","guid":{"rendered":"https:\/\/arbark.se\/?p=21463"},"modified":"2025-10-22T11:04:12","modified_gmt":"2025-10-22T09:04:12","slug":"2026-ars-kvinnokalender","status":"publish","type":"post","link":"https:\/\/arbark.se\/sv\/2026-ars-kvinnokalender\/","title":{"rendered":"2026 \u00e5rs kvinnokalender \u2013 nu till f\u00f6rs\u00e4ljning!"},"content":{"rendered":"\n<p><strong>Arbetarnas Kulturhistoriska S\u00e4llskap tillsammans med Arbetarr\u00f6relsens arkiv och bibliotek tar \u00e4ven i \u00e5r fram en kvinnokalendern \u201dSystrar kamrater! &#8211; Kvinnor i arbetarr\u00f6relsen&#8221;<\/strong>.<\/p>\n\n\n\n<p>V\u00e4ggkalendern inneh\u00e5ller bilder och text om arbetarr\u00f6relsens kvinnor, organisationer, tidskrifter med mera och \u00e4r i A3-format.<\/p>\n\n\n\n<p>F\u00f6rsta g\u00e5ngen vi producerade kvinnoalmanackan var 2013.<\/p>\n\n\n\n<div style=\"height:21px\" aria-hidden=\"true\" class=\"wp-block-spacer\"><\/div>\n\n\n<div class=\"wp-block-image\">\n<figure class=\"aligncenter size-full is-resized\"><img loading=\"lazy\" decoding=\"async\" width=\"500\" height=\"752\" src=\"https:\/\/arbark.se\/wp-content\/dokument\/2025\/10\/kvinnokalendern-2026.jpg\" alt=\"\" class=\"wp-image-21464\" style=\"width:440px;height:auto\" srcset=\"https:\/\/arbark.se\/wp-content\/dokument\/2025\/10\/kvinnokalendern-2026.jpg 500w, https:\/\/arbark.se\/wp-content\/dokument\/2025\/10\/kvinnokalendern-2026-199x300.jpg 199w\" sizes=\"auto, (max-width: 500px) 100vw, 500px\" \/><\/figure>\n<\/div>\n\n\n<div style=\"height:15px\" aria-hidden=\"true\" class=\"wp-block-spacer\"><\/div>\n\n\n\n<p><strong>De h\u00e4r kvinnorna och organisationerna \u00e4r med i \u00e5rets almanacka:<\/strong><\/p>\n\n\n\n<p>Mother Jones, Anna Lindhagen, Solveig R\u00f6nn-Christiansson, Katharina Jacob, Viola Sandell, Hilde Krones, Iris Ahlberg, Birgitta Dahl, Anna-Lisa Sahlstr\u00f6m, M\u00f6drarna p\u00e5 Plaza de Mayo, Ulrika Linder, Tina \u00c5modt.<\/p>\n\n\n\n<p>Best\u00e4ll \u201dSystrar, kamrater\u201d f\u00f6r 100 kr + porto fr\u00e5n AKS, Elektronv\u00e4gen 2, 141 49 Huddinge eller info@arbetarkultur.se<\/p>\n\n\n\n<p><strong>Skicka med f\u00f6ljande information:<\/strong><\/p>\n\n\n\n<p>Jag best\u00e4ller \u2026 ex av almanackan. <\/p>\n\n\n\n<p>Namn:<br>Adress:<br>Postadress:<br>Epost:<\/p>\n\n\n\n<p><strong>Utgivare:<\/strong> Arbetarnas Kulturhistoriska S\u00e4llskap och Arbetarr\u00f6relsens arkiv och bibliotek.<\/p>\n","protected":false},"excerpt":{"rendered":"<p>Arbetarnas Kulturhistoriska S\u00e4llskap tillsammans med Arbetarr\u00f6relsens arkiv och bibliotek tar \u00e4ven i \u00e5r fram en kvinnokalendern \u201dSystrar kamrater! &#8211; Kvinnor i arbetarr\u00f6relsen&#8221;. V\u00e4ggkalendern inneh\u00e5ller bilder och text om arbetarr\u00f6relsens kvinnor, [&hellip;]<\/p>\n","protected":false},"author":27,"featured_media":0,"comment_status":"closed","ping_status":"closed","sticky":false,"template":"","format":"standard","meta":{"ngg_post_thumbnail":0,"footnotes":""},"categories":[3],"tags":[3278,905,15214],"class_list":{"0":"post-21463","1":"post","2":"type-post","3":"status-publish","4":"format-standard","6":"category-nyheter","7":"tag-almanacka-sv","8":"tag-arbetarnas-kulturhistoriska-sallskap","9":"tag-kvinnokalender","10":"czr-hentry"},"_links":{"self":[{"href":"https:\/\/arbark.se\/sv\/wp-json\/wp\/v2\/posts\/21463","targetHints":{"allow":["GET"]}}],"collection":[{"href":"https:\/\/arbark.se\/sv\/wp-json\/wp\/v2\/posts"}],"about":[{"href":"https:\/\/arbark.se\/sv\/wp-json\/wp\/v2\/types\/post"}],"author":[{"embeddable":true,"href":"https:\/\/arbark.se\/sv\/wp-json\/wp\/v2\/users\/27"}],"replies":[{"embeddable":true,"href":"https:\/\/arbark.se\/sv\/wp-json\/wp\/v2\/comments?post=21463"}],"version-history":[{"count":4,"href":"https:\/\/arbark.se\/sv\/wp-json\/wp\/v2\/posts\/21463\/revisions"}],"predecessor-version":[{"id":21470,"href":"https:\/\/arbark.se\/sv\/wp-json\/wp\/v2\/posts\/21463\/revisions\/21470"}],"wp:attachment":[{"href":"https:\/\/arbark.se\/sv\/wp-json\/wp\/v2\/media?parent=21463"}],"wp:term":[{"taxonomy":"category","embeddable":true,"href":"https:\/\/arbark.se\/sv\/wp-json\/wp\/v2\/categories?post=21463"},{"taxonomy":"post_tag","embeddable":true,"href":"https:\/\/arbark.se\/sv\/wp-json\/wp\/v2\/tags?post=21463"}],"curies":[{"name":"wp","href":"https:\/\/api.w.org\/{rel}","templated":true}]}}