{"id":2204,"date":"2011-11-18T16:18:32","date_gmt":"2011-11-18T15:18:32","guid":{"rendered":"https:\/\/arbark.se\/?p=2204"},"modified":"2017-03-14T16:31:30","modified_gmt":"2017-03-14T15:31:30","slug":"mot-oss-pa-socialistiskt-forum","status":"publish","type":"post","link":"https:\/\/arbark.se\/sv\/mot-oss-pa-socialistiskt-forum\/","title":{"rendered":"M\u00f6t oss p\u00e5 Socialistiskt forum 2011"},"content":{"rendered":"<p><strong><img loading=\"lazy\" decoding=\"async\" class=\"alignright size-full wp-image-2208\" title=\"Socialistiskt forum 2011\" src=\"https:\/\/arbark.se\/wp-content\/uploads\/2011\/11\/socialistiskt-forum-2011.jpg\" alt=\"Socialistiskt forum 2011\" width=\"200\" height=\"250\" \/>Kom och tr\u00e4ffa oss p\u00e5 Socialistiskt forum, d\u00e4r vi delar bord med <a href=\"http:\/\/arbetarkultur.se\/\">Arbetarnas Kulturhistoriska S\u00e4llskap<\/a> (AKS)<\/strong>.<\/p>\n<p>Vi \u00e4r p\u00e5 plats cirka 10.00 &#8211; 15.00 f\u00f6r att svara p\u00e5 fr\u00e5gor och f\u00f6r att visa v\u00e5ra kataloger <a href=\"http:\/\/borge.arbark.se\">Borge<\/a> och <a href=\"http:\/\/kata.arbark.se\">Kata<\/a>.<\/p>\n<p>Socialistiskt Forum g\u00e5r av stapeln den 19 november (kl. 10.00-18.00) 2011 i ABF-huset, Sveav\u00e4gen 41 Stockholm.<\/p>\n<p><a href=\"http:\/\/www.abfstockholm.se\/socialistisktforum\/\">L\u00e4s mer p\u00e5 ABF Stockholms webbplats<\/a>.<\/p>\n","protected":false},"excerpt":{"rendered":"<p>Kom och tr\u00e4ffa oss p\u00e5 Socialistiskt forum, d\u00e4r vi delar bord med Arbetarnas Kulturhistoriska S\u00e4llskap (AKS). Vi \u00e4r p\u00e5 plats cirka 10.00 &#8211; 15.00 f\u00f6r att svara p\u00e5 fr\u00e5gor och [&hellip;]<\/p>\n","protected":false},"author":1,"featured_media":0,"comment_status":"closed","ping_status":"closed","sticky":false,"template":"","format":"standard","meta":{"ngg_post_thumbnail":0,"footnotes":""},"categories":[1122],"tags":[3532],"class_list":{"0":"post-2204","1":"post","2":"type-post","3":"status-publish","4":"format-standard","6":"category-okategoriserad","7":"tag-socialistiskt-forum-sv","8":"czr-hentry"},"_links":{"self":[{"href":"https:\/\/arbark.se\/sv\/wp-json\/wp\/v2\/posts\/2204","targetHints":{"allow":["GET"]}}],"collection":[{"href":"https:\/\/arbark.se\/sv\/wp-json\/wp\/v2\/posts"}],"about":[{"href":"https:\/\/arbark.se\/sv\/wp-json\/wp\/v2\/types\/post"}],"author":[{"embeddable":true,"href":"https:\/\/arbark.se\/sv\/wp-json\/wp\/v2\/users\/1"}],"replies":[{"embeddable":true,"href":"https:\/\/arbark.se\/sv\/wp-json\/wp\/v2\/comments?post=2204"}],"version-history":[{"count":1,"href":"https:\/\/arbark.se\/sv\/wp-json\/wp\/v2\/posts\/2204\/revisions"}],"predecessor-version":[{"id":11105,"href":"https:\/\/arbark.se\/sv\/wp-json\/wp\/v2\/posts\/2204\/revisions\/11105"}],"wp:attachment":[{"href":"https:\/\/arbark.se\/sv\/wp-json\/wp\/v2\/media?parent=2204"}],"wp:term":[{"taxonomy":"category","embeddable":true,"href":"https:\/\/arbark.se\/sv\/wp-json\/wp\/v2\/categories?post=2204"},{"taxonomy":"post_tag","embeddable":true,"href":"https:\/\/arbark.se\/sv\/wp-json\/wp\/v2\/tags?post=2204"}],"curies":[{"name":"wp","href":"https:\/\/api.w.org\/{rel}","templated":true}]}}