{"id":466,"date":"2010-02-08T16:23:08","date_gmt":"2010-02-08T15:23:08","guid":{"rendered":"https:\/\/arbark.se\/?p=466"},"modified":"2010-02-08T16:23:08","modified_gmt":"2010-02-08T15:23:08","slug":"butiken-som-arbetsplats","status":"publish","type":"post","link":"https:\/\/arbark.se\/sv\/butiken-som-arbetsplats\/","title":{"rendered":"Butiken som arbetsplats"},"content":{"rendered":"<p><strong>Seminarium i samarbete med Centrum f\u00f6r N\u00e4ringslivshistoria och TAM-arkiv.<br \/>\nLokal: <a href=\"http:\/\/www.naringslivshistoria.se\/\">Centrum f\u00f6r N\u00e4ringslivshistoria<\/a>, Grindstuv\u00e4gen 48-50, Bromma.<\/strong><\/p>\n<p>Inledning:<\/p>\n<ul>\n<li>Dag Klackenberg (vd Svensk Handel), moderator<\/li>\n<\/ul>\n<p>Medverkande:<\/p>\n<ul>\n<li>Karin \u00c5mossa, ekonomihistoriker (L\u00e4rarf\u00f6rbundets forskningsr\u00e5d): &#8221;Du \u00e4r NK! Om yrkesidentiteter p\u00e5 NK under 1900-talet&#8221;.<\/li>\n<li>Ingela Tykesson-Bergman, institutionen f\u00f6r svenska, retorik och journalistik, S\u00f6dert\u00f6rns h\u00f6gskola: &#8221;Samtal i butik &#8211; spr\u00e5klig interaktion mellan bitr\u00e4den och kunder. Butikssamtal fr\u00e5n 40-tal till 90-tal&#8221;.<\/li>\n<li>Fredrik Sandgren, ekonomhistoriker, Uppsala universitet: &#8221;Introduktionen av snabbk\u00f6p p\u00e5 40-50-talet&#8221;.<\/li>\n<li>Anna Blomb\u00e4ck, f\u00f6retagsekonom, Internationella handelsh\u00f6gskolan i J\u00f6nk\u00f6ping: &#8221;&#8221;F\u00f6r vems skull tar detaljhandeln samh\u00e4llsansvar?&#8221;<\/li>\n<li>Representant fr\u00e5n f\u00f6retag, \u00e4nnu ej klar.<\/li>\n<li>Kommentar av Jonny Hjelm, professor i historia, Ume\u00e5 universitet<\/li>\n<\/ul>\n<h3>F\u00f6ranm\u00e4lan<\/h3>\n<p>senast den 15 mars till Anna Linderoth:<\/p>\n<ul>\n<li>anna.linderoth (snabel-a) naringslivshistoria.se<\/li>\n<\/ul>\n","protected":false},"excerpt":{"rendered":"<p>Seminarium i samarbete med Centrum f\u00f6r N\u00e4ringslivshistoria och TAM-arkiv. Lokal: Centrum f\u00f6r N\u00e4ringslivshistoria, Grindstuv\u00e4gen 48-50, Bromma.<\/p>\n","protected":false},"author":1,"featured_media":0,"comment_status":"closed","ping_status":"closed","sticky":false,"template":"","format":"standard","meta":{"ngg_post_thumbnail":0,"footnotes":""},"categories":[11],"tags":[391],"class_list":{"0":"post-466","1":"post","2":"type-post","3":"status-publish","4":"format-standard","6":"category-evenemangsarkiv","7":"tag-handelsanstallda","8":"czr-hentry"},"_links":{"self":[{"href":"https:\/\/arbark.se\/sv\/wp-json\/wp\/v2\/posts\/466","targetHints":{"allow":["GET"]}}],"collection":[{"href":"https:\/\/arbark.se\/sv\/wp-json\/wp\/v2\/posts"}],"about":[{"href":"https:\/\/arbark.se\/sv\/wp-json\/wp\/v2\/types\/post"}],"author":[{"embeddable":true,"href":"https:\/\/arbark.se\/sv\/wp-json\/wp\/v2\/users\/1"}],"replies":[{"embeddable":true,"href":"https:\/\/arbark.se\/sv\/wp-json\/wp\/v2\/comments?post=466"}],"version-history":[{"count":0,"href":"https:\/\/arbark.se\/sv\/wp-json\/wp\/v2\/posts\/466\/revisions"}],"wp:attachment":[{"href":"https:\/\/arbark.se\/sv\/wp-json\/wp\/v2\/media?parent=466"}],"wp:term":[{"taxonomy":"category","embeddable":true,"href":"https:\/\/arbark.se\/sv\/wp-json\/wp\/v2\/categories?post=466"},{"taxonomy":"post_tag","embeddable":true,"href":"https:\/\/arbark.se\/sv\/wp-json\/wp\/v2\/tags?post=466"}],"curies":[{"name":"wp","href":"https:\/\/api.w.org\/{rel}","templated":true}]}}