{"id":81113,"count":2,"description":"","link":"https:\/\/arbark.se\/sv\/amnen\/kampen-om-valfardsarbetets-varde\/","name":"Kampen om v\u00e4lf\u00e4rdsarbetets v\u00e4rde","slug":"kampen-om-valfardsarbetets-varde","taxonomy":"post_tag","meta":[],"_links":{"self":[{"href":"https:\/\/arbark.se\/sv\/wp-json\/wp\/v2\/tags\/81113","targetHints":{"allow":["GET"]}}],"collection":[{"href":"https:\/\/arbark.se\/sv\/wp-json\/wp\/v2\/tags"}],"about":[{"href":"https:\/\/arbark.se\/sv\/wp-json\/wp\/v2\/taxonomies\/post_tag"}],"wp:post_type":[{"href":"https:\/\/arbark.se\/sv\/wp-json\/wp\/v2\/posts?tags=81113"},{"href":"https:\/\/arbark.se\/sv\/wp-json\/wp\/v2\/tribe_events?tags=81113"},{"href":"https:\/\/arbark.se\/sv\/wp-json\/wp\/v2\/tec_calendar_embed?tags=81113"}],"curies":[{"name":"wp","href":"https:\/\/api.w.org\/{rel}","templated":true}]}}